{"id":101,"date":"2015-04-16T08:37:19","date_gmt":"2015-04-16T06:37:19","guid":{"rendered":"http:\/\/www.fronhoven.de\/?p=101"},"modified":"2015-04-20T09:38:52","modified_gmt":"2015-04-20T07:38:52","slug":"gespraech-zwischen-der-buergerinitiative-und-der-cdu","status":"publish","type":"post","link":"https:\/\/www.fronhoven.de\/?p=101","title":{"rendered":"Gespr\u00e4ch zwischen der B\u00fcrgerinitiative und der CDU"},"content":{"rendered":"<p>Am 8. April traf sich Heinz Rinkens von der B\u00fcrgerinitiative mit dem Vorsitzenden des CDU Ortsverbands Franz-Josef Auer und dem stellvertretenden B\u00fcrgermeister der Stadt Eschweiler Wilfried Berndt. Sp\u00e4ter wurde die Runde noch durch Thomas Graff verst\u00e4rkt.<\/p>\n<p>Letztendlich wurde der B\u00fcrgerinitiative die Unterst\u00fctzung der kompletten CDU der Stadt Eschweiler zugesagt, aufgrund der Historie unserer Ortschaft (speziell wegen der L238, der Umsiedlung, dem Kraftwerk (-Schmutz) und der M\u00fcllverbrennungsanlage).<\/p>\n<p>Thomas Graff hatte eine l\u00e4ngeres Gespr\u00e4ch mit Frau Trinikens vom Planungsamt der Stadt Eschweiler gef\u00fchrt und hatte so einige detailierte Informationen. Anscheinend hat Frau Trinikens das ganze Prozedere alleine vorbereitet und auch die Kriterien festgelegt. Aus seiner Sicht ist der Ausweis u.a. der Konzentrationsfl\u00e4che &#8222;Fronhoven-Nord&#8220; vom Land vorgeschrieben, was wir von der B\u00fcrgerinitiative jedoch stark bezweifeln, zumindest nach den uns vorliegen Unterlagen.<\/p>\n<p>Des Weiteren wollte der Vorsitzende des CDU Ortsverbandes Franz-Josef Auer auf die \u00f6rtliche SPD zugehen, um ggf. \u00fcberparteilich einen Konsens zu erwirken. Insgesamt hat an diesem Abend ein konstruktives Gespr\u00e4ch stattgefunden. Thomas Graff wurde die Aufgabe \u00fcbertragen, \u00fcber Axel Wirtz herauszufiltern, welche rechtlichen Grundlagen das Land NRW f\u00fcr die Kommunen und St\u00e4dte herausgegeben hat, um Konzentrationsfl\u00e4chen verpflichtend auszuweisen! Hier erwarten wir von der B\u00fcrgerinitiative kurzfristige R\u00fcckmeldung, die uns auch an dem Abend zugesichert wurde.<\/p>\n","protected":false},"excerpt":{"rendered":"<p>Am 8. April traf sich Heinz Rinkens von der B\u00fcrgerinitiative mit dem Vorsitzenden des CDU Ortsverbands Franz-Josef Auer und dem stellvertretenden B\u00fcrgermeister der Stadt Eschweiler Wilfried Berndt. Sp\u00e4ter wurde die Runde noch durch Thomas Graff verst\u00e4rkt. Letztendlich wurde der B\u00fcrgerinitiative die Unterst\u00fctzung der kompletten CDU der Stadt Eschweiler zugesagt, aufgrund der Historie unserer Ortschaft (speziell [&hellip;]<\/p>\n","protected":false},"author":1,"featured_media":0,"comment_status":"open","ping_status":"closed","sticky":false,"template":"","format":"standard","meta":{"jetpack_post_was_ever_published":false,"_jetpack_newsletter_access":"","_jetpack_dont_email_post_to_subs":false,"_jetpack_newsletter_tier_id":0,"_jetpack_memberships_contains_paywalled_content":false,"_jetpack_memberships_contains_paid_content":false,"footnotes":"","jetpack_publicize_message":"","jetpack_publicize_feature_enabled":true,"jetpack_social_post_already_shared":false,"jetpack_social_options":{"image_generator_settings":{"template":"highway","default_image_id":0,"font":"","enabled":false},"version":2}},"categories":[2],"tags":[88,106,87,115,113,122,125,11,129,127,124,95,118,126,121,128,112,123,131,120,101,130,114,168,119,111,116],"class_list":["post-101","post","type-post","status-publish","format-standard","hentry","category-buergerinitiative-windkraft-mit-abstand","tag-axel-wirtz","tag-buergerinitiative","tag-cdu","tag-eschweiler","tag-franz-josef-auer","tag-frau-trinikens","tag-fronhoven-nord","tag-heinz-rinkens","tag-kommunen","tag-konsens","tag-konzentrationsflaeche","tag-kraftwerk","tag-l238","tag-land","tag-muellverbrennungsanlage","tag-nrw","tag-ortsverband","tag-planungsamt","tag-rueckmeldung","tag-schmutz","tag-spd","tag-staedte","tag-stellvertretender-buergermeister","tag-thomas-graff","tag-umsiedlung","tag-vorsitzenden","tag-wilfried-berndt"],"jetpack_publicize_connections":[],"jetpack_featured_media_url":"","jetpack_shortlink":"https:\/\/wp.me\/p65ifD-1D","jetpack_sharing_enabled":true,"_links":{"self":[{"href":"https:\/\/www.fronhoven.de\/index.php?rest_route=\/wp\/v2\/posts\/101","targetHints":{"allow":["GET"]}}],"collection":[{"href":"https:\/\/www.fronhoven.de\/index.php?rest_route=\/wp\/v2\/posts"}],"about":[{"href":"https:\/\/www.fronhoven.de\/index.php?rest_route=\/wp\/v2\/types\/post"}],"author":[{"embeddable":true,"href":"https:\/\/www.fronhoven.de\/index.php?rest_route=\/wp\/v2\/users\/1"}],"replies":[{"embeddable":true,"href":"https:\/\/www.fronhoven.de\/index.php?rest_route=%2Fwp%2Fv2%2Fcomments&post=101"}],"version-history":[{"count":3,"href":"https:\/\/www.fronhoven.de\/index.php?rest_route=\/wp\/v2\/posts\/101\/revisions"}],"predecessor-version":[{"id":121,"href":"https:\/\/www.fronhoven.de\/index.php?rest_route=\/wp\/v2\/posts\/101\/revisions\/121"}],"wp:attachment":[{"href":"https:\/\/www.fronhoven.de\/index.php?rest_route=%2Fwp%2Fv2%2Fmedia&parent=101"}],"wp:term":[{"taxonomy":"category","embeddable":true,"href":"https:\/\/www.fronhoven.de\/index.php?rest_route=%2Fwp%2Fv2%2Fcategories&post=101"},{"taxonomy":"post_tag","embeddable":true,"href":"https:\/\/www.fronhoven.de\/index.php?rest_route=%2Fwp%2Fv2%2Ftags&post=101"}],"curies":[{"name":"wp","href":"https:\/\/api.w.org\/{rel}","templated":true}]}}