{"id":105,"date":"2015-04-16T12:50:42","date_gmt":"2015-04-16T10:50:42","guid":{"rendered":"http:\/\/www.fronhoven.de\/?p=105"},"modified":"2015-04-16T12:50:42","modified_gmt":"2015-04-16T10:50:42","slug":"schallemissionen-von-windkraftanlagen-gefaehrdeten-die-gesundheit-der-anwohner","status":"publish","type":"post","link":"https:\/\/www.fronhoven.de\/?p=105","title":{"rendered":"Schallemissionen von Windkraftanlagen gef\u00e4hrdeten die Gesundheit der Anwohner"},"content":{"rendered":"<p>In der Welt erschien Anfang M\u00e4rz ein \u00e4u\u00dferst interessanter Artikel zum Thema Windkraft und Gesundheitsgef\u00e4hrdung. Infraschall wird hierzulande ja immer mit irgendwelche lapidalen \u00c4u\u00dferungen abgetan wie z.B. &#8222;das hat keinerlei Auswirkung(en) auf den Menschen&#8220; oder &#8222;es gibt keine Studie, die belegt, dass Infraschall krank macht&#8220;. Die Realit\u00e4t sieht anscheinend GANZ ANDERS aus, wie das Beispiel aus dem Welt Artikel belegt. Dazu brauchte es noch nicht einmal eine langj\u00e4hrige Studie. Hier ein Auszug aus dem Artikel:<\/p>\n<blockquote><p>Beim ersten Test begannen die Tiere zu schreien. &#8222;Sie tobten mit einem schrillen Kreischen in ihren K\u00e4figen und begannen sich gegenseitig zu bei\u00dfen&#8220;, sagt Kaj Bank Olesen, Nerzz\u00fcchter in Vildbjerg, D\u00e4nemark. Als seine Tier\u00e4rztin im Morgengrauen die Polizei anrief, um die neuen Windkraftanlagen hinter Olesens Bauernhof abschalten zu lassen, lag schon ein halbes Dutzend Tiere tot in den K\u00e4figen. Mehr als 100 hatten sich gegenseitig so tiefe Wunden zugef\u00fcgt, dass sie get\u00f6tet werden mussten.<\/p>\n<p>Die Vorkommnisse auf Olesens Nerzfarm in der Nacht zum 6. Dezember 2013 haben viele der so \u00f6kologisch orientierten D\u00e4nen verunsichert. Macht Windkraft krank? Erzeugen die Turbinen Schwingungen unterhalb der H\u00f6rbarkeitsgrenze, die Tiere verr\u00fcckt machen und vielleicht auch die Gesundheit von Menschen belasten?<\/p>\n<p>Das Schicksal des j\u00fctl\u00e4ndischen Nerzz\u00fcchters machte landesweit Schlagzeilen und besch\u00e4ftigte sogar das Parlament in Kopenhagen. Und seitdem hat die Energiewende ein Problem, wie Jan Hylleberg eingesteht, der Vorstandschef des Verbandes der d\u00e4nischen Windindustrie: &#8222;Ein Gro\u00dfteil der d\u00e4nischen Kommunen hat die Pl\u00e4ne f\u00fcr neue Windparks auf Eis gelegt, bis die staatliche Untersuchung \u00fcber die Gesundheitsprobleme durch Infraschall abgeschlossen ist.&#8220; 2014, im ersten Jahr nach dem Vorfall in Vildbjerg, sind landesweit nur noch neue Windm\u00fchlen mit einer Gesamtleistung von 67 Megawatt ans Netz gegangen. Im Jahr zuvor waren es 694 Megawatt.<\/p>\n<p>Droht das, was die D\u00e4nen derzeit erleben, auch in Deutschland? Ein Windrad dreht sich hierzulande nicht anders.<\/p><\/blockquote>\n<p>Dies ist nur ein kurzer Auszug aus dem o.g. Artikel. Klicken Sie unten auf den Quellen-Link, um den vollst\u00e4ndigen Artikel zu lesen! Durch Windkraftanlagen generiertre Infraschall existiert und scheint mehr als offensichtlich auch die Gesundheit von (Mensch und) Tier zu gef\u00e4hrden!<\/p>\n<p>Quelle: <a title=\"Welt Artikel: Macht Windkraft krank\" href=\"http:\/\/www.welt.de\/print\/wams\/wirtschaft\/article137938635\/Macht-Windkraft-krank.html\" target=\"_blank\">http:\/\/www.welt.de\/print\/wams\/wirtschaft\/article137938635\/Macht-Windkraft-krank.html<\/a><\/p>\n","protected":false},"excerpt":{"rendered":"<p>In der Welt erschien Anfang M\u00e4rz ein \u00e4u\u00dferst interessanter Artikel zum Thema Windkraft und Gesundheitsgef\u00e4hrdung. Infraschall wird hierzulande ja immer mit irgendwelche lapidalen \u00c4u\u00dferungen abgetan wie z.B. &#8222;das hat keinerlei Auswirkung(en) auf den Menschen&#8220; oder &#8222;es gibt keine Studie, die belegt, dass Infraschall krank macht&#8220;. Die Realit\u00e4t sieht anscheinend GANZ ANDERS aus, wie das Beispiel [&hellip;]<\/p>\n","protected":false},"author":1,"featured_media":0,"comment_status":"open","ping_status":"closed","sticky":false,"template":"","format":"standard","meta":{"jetpack_post_was_ever_published":false,"_jetpack_newsletter_access":"","_jetpack_dont_email_post_to_subs":false,"_jetpack_newsletter_tier_id":0,"_jetpack_memberships_contains_paywalled_content":false,"_jetpack_memberships_contains_paid_content":false,"footnotes":"","jetpack_publicize_message":"","jetpack_publicize_feature_enabled":true,"jetpack_social_post_already_shared":false,"jetpack_social_options":{"image_generator_settings":{"template":"highway","default_image_id":0,"font":"","enabled":false},"version":2}},"categories":[2],"tags":[152,98,136,134,139,143,133,144,142,15,146,148,138,153,150,149,132,141,145,151,147,140,137,135,5],"class_list":["post-105","post","type-post","status-publish","format-standard","hentry","category-buergerinitiative-windkraft-mit-abstand","tag-6-dezember-2013","tag-anwohner","tag-artikel","tag-daenemark","tag-daenen","tag-gebissen","tag-gesundheit","tag-gesundheitsgefaehrdung","tag-getoetet","tag-infraschall","tag-kaj-bank-olesen","tag-morgengrauen","tag-nerzzuechter","tag-oekologisch","tag-olsens-bauernhof","tag-polizei","tag-schallemissionen","tag-schwingungen","tag-studie","tag-tiefe-wunden","tag-tieraerztin","tag-turbinen","tag-vildjerg","tag-welt","tag-windkraftanlagen"],"jetpack_publicize_connections":[],"jetpack_featured_media_url":"","jetpack_shortlink":"https:\/\/wp.me\/p65ifD-1H","jetpack_sharing_enabled":true,"_links":{"self":[{"href":"https:\/\/www.fronhoven.de\/index.php?rest_route=\/wp\/v2\/posts\/105","targetHints":{"allow":["GET"]}}],"collection":[{"href":"https:\/\/www.fronhoven.de\/index.php?rest_route=\/wp\/v2\/posts"}],"about":[{"href":"https:\/\/www.fronhoven.de\/index.php?rest_route=\/wp\/v2\/types\/post"}],"author":[{"embeddable":true,"href":"https:\/\/www.fronhoven.de\/index.php?rest_route=\/wp\/v2\/users\/1"}],"replies":[{"embeddable":true,"href":"https:\/\/www.fronhoven.de\/index.php?rest_route=%2Fwp%2Fv2%2Fcomments&post=105"}],"version-history":[{"count":1,"href":"https:\/\/www.fronhoven.de\/index.php?rest_route=\/wp\/v2\/posts\/105\/revisions"}],"predecessor-version":[{"id":106,"href":"https:\/\/www.fronhoven.de\/index.php?rest_route=\/wp\/v2\/posts\/105\/revisions\/106"}],"wp:attachment":[{"href":"https:\/\/www.fronhoven.de\/index.php?rest_route=%2Fwp%2Fv2%2Fmedia&parent=105"}],"wp:term":[{"taxonomy":"category","embeddable":true,"href":"https:\/\/www.fronhoven.de\/index.php?rest_route=%2Fwp%2Fv2%2Fcategories&post=105"},{"taxonomy":"post_tag","embeddable":true,"href":"https:\/\/www.fronhoven.de\/index.php?rest_route=%2Fwp%2Fv2%2Ftags&post=105"}],"curies":[{"name":"wp","href":"https:\/\/api.w.org\/{rel}","templated":true}]}}