{"id":107,"date":"2015-04-20T16:22:04","date_gmt":"2015-04-20T14:22:04","guid":{"rendered":"http:\/\/www.fronhoven.de\/?p=107"},"modified":"2015-04-20T16:22:04","modified_gmt":"2015-04-20T14:22:04","slug":"waeren-windkraftraeder-in-fronhoven-rentabel","status":"publish","type":"post","link":"https:\/\/www.fronhoven.de\/?p=107","title":{"rendered":"W\u00e4ren Windkraftr\u00e4der in Fronhoven rentabel?"},"content":{"rendered":"<p>Diese Frage muss man sich (als Einwohner Eschweilers) einfach stellen, denn man kennt die Windverh\u00e4ltnisse vor Ort, weil man hier schon sein ganzes Leben lang oder zumindest seit ein paar Jahren hier wohnt.<\/p>\n<p>Anbei ein sehr interessanter Bericht des SWR, der belegt, dass zwei Drittel aller Windkraftanlagen in Rheinland-Pfalz nicht rentabel laufen.<iframe loading=\"lazy\" src=\"http:\/\/www.swr.de\/landesschau-rp\/erneuerbare-energien-unrentable-windraeder-in-rheinland-pfalz\/-\/id=13831154\/did=14349432\/pv=embedded\/13h9ipb\/index.html\" width=\"512\" height=\"314\" frameborder=\"0\" scrolling=\"no\"><\/iframe><\/p>\n<p>Au\u00dferdem berichtete die S\u00fcddeutsche Zeitung nach der Insolvenz des Windanlagenfinanzierers Prokon, dass falsche Versprechen der Anbieter die Schuld an der Schieflage vieler Projekte sei.<\/p>\n<blockquote><p>&#8222;Bei den gro\u00dfen Massenpublikumsgesellschaften, die in der Boomphase 1997 bis 2005 er\u00f6ffnet wurden, erf\u00fcllen \u00fcber die H\u00e4lfte die Prognosen nicht&#8220;, klagt Christian Herz, Vizechef des Anlegerbeirats des Bundesverbandes Windenergie (BWE).Allein in dieser Boomphase h\u00e4tten insgesamt 200.000 Anleger rund 8,5 Milliarden Euro in Windprojekte gesteckt, hat Herz berechnet.\u00a0 Der deutschen Justiz sind die Probleme bekannt: Bei Gerichten gehen immer neue Klagen von Windpark-Anlegern ein, die keine Aussch\u00fcttungen mehr bekommen oder deren Parks vor dem Aus stehen. Energieexperten reiben sich angesichts der Ausma\u00dfe der Probleme die Augen: Schlie\u00dflich gab es f\u00fcr die Anlagen dank der deutschen Energiewende garantierte F\u00f6rders\u00e4tze &#8211; wie kann da so viel schiefgehen?<\/p><\/blockquote>\n<p><a title=\"SZ Bericht Ineffiziente Windkraft\" href=\"http:\/\/www.sueddeutsche.de\/wirtschaft\/nach-prokon-insolvenz-gegen-wind-1.1948031\" target=\"_blank\">Klicken Sie hier, wenn Sie den gesamten SZ Berichts lesen wollen.<\/a><\/p>\n<p>Quellen:<\/p>\n<ul>\n<li><a title=\"SWR Bericht: Unrentable Windkraft\" href=\"http:\/\/www.swr.de\/landesschau-rp\/erneuerbare-energien-unrentable-windraeder-in-rheinland-pfalz\/-\/id=122144\/did=14349432\/nid=122144\/170tkn0\/\" target=\"_blank\">http:\/\/www.swr.de\/landesschau-rp\/erneuerbare-energien-unrentable-windraeder-in-rheinland-pfalz\/-\/id=122144\/did=14349432\/nid=122144\/170tkn0\/<\/a><\/li>\n<li><a title=\"SZ: Prokon Insolvenz\" href=\"http:\/\/www.sueddeutsche.de\/wirtschaft\/nach-prokon-insolvenz-gegen-wind-1.1948031\" target=\"_blank\">http:\/\/www.sueddeutsche.de\/wirtschaft\/nach-prokon-insolvenz-gegen-wind-1.1948031<\/a><\/li>\n<\/ul>\n","protected":false},"excerpt":{"rendered":"<p>Diese Frage muss man sich (als Einwohner Eschweilers) einfach stellen, denn man kennt die Windverh\u00e4ltnisse vor Ort, weil man hier schon sein ganzes Leben lang oder zumindest seit ein paar Jahren hier wohnt. Anbei ein sehr interessanter Bericht des SWR, der belegt, dass zwei Drittel aller Windkraftanlagen in Rheinland-Pfalz nicht rentabel laufen. Au\u00dferdem berichtete die [&hellip;]<\/p>\n","protected":false},"author":1,"featured_media":0,"comment_status":"open","ping_status":"closed","sticky":false,"template":"","format":"standard","meta":{"jetpack_post_was_ever_published":false,"_jetpack_newsletter_access":"","_jetpack_dont_email_post_to_subs":false,"_jetpack_newsletter_tier_id":0,"_jetpack_memberships_contains_paywalled_content":false,"_jetpack_memberships_contains_paid_content":false,"footnotes":"","jetpack_publicize_message":"","jetpack_publicize_feature_enabled":true,"jetpack_social_post_already_shared":false,"jetpack_social_options":{"image_generator_settings":{"template":"highway","default_image_id":0,"font":"","enabled":false},"version":2}},"categories":[2],"tags":[190,189,181,186,183,188,187,184,171,172,191,9,178,38,180,170,176,182,177,175,185,174,179,5,169,173],"class_list":["post-107","post","type-post","status-publish","format-standard","hentry","category-buergerinitiative-windkraft-mit-abstand","tag-5-milliarden","tag-189","tag-anbieter","tag-anlegerbeirat","tag-boomphase","tag-bundesverbandes-windenergie","tag-bwe","tag-christian-herz","tag-einwohner","tag-eschweilers","tag-euro","tag-fronhoven","tag-insolvenz","tag-leben","tag-prokon","tag-rentabel","tag-rheinland-pfalz","tag-schieflage","tag-sueddeutsche-zeitung","tag-swr","tag-vizechef","tag-vor-ort","tag-windanlagenfinanzierers","tag-windkraftanlagen","tag-windkraftraeder","tag-windverhaeltnisse"],"jetpack_publicize_connections":[],"jetpack_featured_media_url":"","jetpack_shortlink":"https:\/\/wp.me\/p65ifD-1J","jetpack_sharing_enabled":true,"_links":{"self":[{"href":"https:\/\/www.fronhoven.de\/index.php?rest_route=\/wp\/v2\/posts\/107","targetHints":{"allow":["GET"]}}],"collection":[{"href":"https:\/\/www.fronhoven.de\/index.php?rest_route=\/wp\/v2\/posts"}],"about":[{"href":"https:\/\/www.fronhoven.de\/index.php?rest_route=\/wp\/v2\/types\/post"}],"author":[{"embeddable":true,"href":"https:\/\/www.fronhoven.de\/index.php?rest_route=\/wp\/v2\/users\/1"}],"replies":[{"embeddable":true,"href":"https:\/\/www.fronhoven.de\/index.php?rest_route=%2Fwp%2Fv2%2Fcomments&post=107"}],"version-history":[{"count":5,"href":"https:\/\/www.fronhoven.de\/index.php?rest_route=\/wp\/v2\/posts\/107\/revisions"}],"predecessor-version":[{"id":122,"href":"https:\/\/www.fronhoven.de\/index.php?rest_route=\/wp\/v2\/posts\/107\/revisions\/122"}],"wp:attachment":[{"href":"https:\/\/www.fronhoven.de\/index.php?rest_route=%2Fwp%2Fv2%2Fmedia&parent=107"}],"wp:term":[{"taxonomy":"category","embeddable":true,"href":"https:\/\/www.fronhoven.de\/index.php?rest_route=%2Fwp%2Fv2%2Fcategories&post=107"},{"taxonomy":"post_tag","embeddable":true,"href":"https:\/\/www.fronhoven.de\/index.php?rest_route=%2Fwp%2Fv2%2Ftags&post=107"}],"curies":[{"name":"wp","href":"https:\/\/api.w.org\/{rel}","templated":true}]}}