{"id":112,"date":"2015-04-17T09:57:12","date_gmt":"2015-04-17T07:57:12","guid":{"rendered":"http:\/\/www.fronhoven.de\/?p=112"},"modified":"2015-04-17T09:57:12","modified_gmt":"2015-04-17T07:57:12","slug":"windkraftanlage-und-feststellung-einer-optisch-bedraengenden-wirkung","status":"publish","type":"post","link":"https:\/\/www.fronhoven.de\/?p=112","title":{"rendered":"Windkraftanlage und Feststellung einer optisch bedr\u00e4ngenden Wirkung"},"content":{"rendered":"<p><a href=\"https:\/\/i0.wp.com\/www.fronhoven.de\/wp-content\/uploads\/2015\/04\/ad797082a5.gif?ssl=1\"><img data-recalc-dims=\"1\" loading=\"lazy\" decoding=\"async\" data-attachment-id=\"114\" data-permalink=\"https:\/\/www.fronhoven.de\/?attachment_id=114\" data-orig-file=\"https:\/\/i0.wp.com\/www.fronhoven.de\/wp-content\/uploads\/2015\/04\/ad797082a5.gif?fit=242%2C100&amp;ssl=1\" data-orig-size=\"242,100\" data-comments-opened=\"1\" data-image-meta=\"{&quot;aperture&quot;:&quot;0&quot;,&quot;credit&quot;:&quot;&quot;,&quot;camera&quot;:&quot;&quot;,&quot;caption&quot;:&quot;&quot;,&quot;created_timestamp&quot;:&quot;0&quot;,&quot;copyright&quot;:&quot;&quot;,&quot;focal_length&quot;:&quot;0&quot;,&quot;iso&quot;:&quot;0&quot;,&quot;shutter_speed&quot;:&quot;0&quot;,&quot;title&quot;:&quot;&quot;,&quot;orientation&quot;:&quot;0&quot;}\" data-image-title=\"ad797082a5\" data-image-description=\"\" data-image-caption=\"\" data-large-file=\"https:\/\/i0.wp.com\/www.fronhoven.de\/wp-content\/uploads\/2015\/04\/ad797082a5.gif?fit=242%2C100&amp;ssl=1\" class=\"alignright wp-image-114 size-full\" src=\"https:\/\/i0.wp.com\/www.fronhoven.de\/wp-content\/uploads\/2015\/04\/ad797082a5.gif?resize=242%2C100&#038;ssl=1\" alt=\"ad797082a5\" width=\"242\" height=\"100\" \/><\/a>Der St\u00e4dte- und Gemeindebund Nordrhein-Westfalen h\u00e4lt in seiner NRW-Mitteilung 384\/2007 vom 24.05.2007 fest, dass Windkraftanlagen eine optisch bedr\u00e4ngenden Wirkung erzeugen (k\u00f6nnen).<\/p>\n<p>Nach dem Beschluss des OVG NRW vom 22.03.2007 (8 B 2283\/06) kann f\u00fcr die Beantwortung der Frage, ob von einer Windkraftanlage eine optisch bedr\u00e4ngende Wirkung auf eine Wohnbebauung ausgeht, nicht pauschal auf die groben Anhaltswerte aus der Entscheidung des OVG NRW vom 09.08.2006 (8 a 3726\/05) zur\u00fcckgegriffen werden. Vielmehr handelt es sich dabei um Orientierungswerte, die eine bestimmte W\u00fcrdigung der Umst\u00e4nde des Einzelfalles nahe legen \u2013 aber die Einzelfallpr\u00fcfung nicht entbehrlich macht.\u00a0 Az.: II\/1 620-50<\/p>\n<p><a href=\"https:\/\/i0.wp.com\/www.fronhoven.de\/wp-content\/uploads\/2015\/04\/Windkraftr%C3%A4der1.jpg?ssl=1\"><img data-recalc-dims=\"1\" loading=\"lazy\" decoding=\"async\" data-attachment-id=\"115\" data-permalink=\"https:\/\/www.fronhoven.de\/?attachment_id=115\" data-orig-file=\"https:\/\/i0.wp.com\/www.fronhoven.de\/wp-content\/uploads\/2015\/04\/Windkraftr%C3%A4der1.jpg?fit=500%2C765&amp;ssl=1\" data-orig-size=\"500,765\" data-comments-opened=\"1\" data-image-meta=\"{&quot;aperture&quot;:&quot;2.2&quot;,&quot;credit&quot;:&quot;&quot;,&quot;camera&quot;:&quot;GT-I9505&quot;,&quot;caption&quot;:&quot;&quot;,&quot;created_timestamp&quot;:&quot;1428831913&quot;,&quot;copyright&quot;:&quot;&quot;,&quot;focal_length&quot;:&quot;4.2&quot;,&quot;iso&quot;:&quot;50&quot;,&quot;shutter_speed&quot;:&quot;0.00048449612403101&quot;,&quot;title&quot;:&quot;&quot;,&quot;orientation&quot;:&quot;0&quot;}\" data-image-title=\"Windkraftr\u00e4der1\" data-image-description=\"\" data-image-caption=\"\" data-large-file=\"https:\/\/i0.wp.com\/www.fronhoven.de\/wp-content\/uploads\/2015\/04\/Windkraftr%C3%A4der1.jpg?fit=500%2C765&amp;ssl=1\" class=\"alignleft wp-image-115 size-medium\" src=\"https:\/\/i0.wp.com\/www.fronhoven.de\/wp-content\/uploads\/2015\/04\/Windkraftr%C3%A4der1.jpg?resize=196%2C300&#038;ssl=1\" alt=\"Windkraftr\u00e4der1\" width=\"196\" height=\"300\" srcset=\"https:\/\/i0.wp.com\/www.fronhoven.de\/wp-content\/uploads\/2015\/04\/Windkraftr%C3%A4der1.jpg?resize=196%2C300&amp;ssl=1 196w, https:\/\/i0.wp.com\/www.fronhoven.de\/wp-content\/uploads\/2015\/04\/Windkraftr%C3%A4der1.jpg?w=500&amp;ssl=1 500w\" sizes=\"auto, (max-width: 196px) 100vw, 196px\" \/><\/a>Windkraftanlagen sind \u00f6kologisch wertvoll. Unstreitig. Windkraftanlagen nerven oftmals die Nachbarn, die sich an der Aussicht auf die sich st\u00e4ndig drehenden Windr\u00e4der st\u00f6ren.\u00a0 Und diese St\u00f6rung kann auch so stark werden, dass die Errichtung des Windrades unzul\u00e4ssig ist. So hat jetzt das Oberverwaltungsgericht f\u00fcr das Land Nordrhein-Westfalen entschieden, dass eine \u2013 bereits teilweise fertig gestellte \u2013 Windenergieanlage in Bochum-Gerthe wegen sogenannter optischer Bedr\u00e4ngung eines benachbarten Wohnhauses unzul\u00e4ssig ist.<\/p>\n<p>Das Oberverwaltungsgericht in M\u00fcnster h\u00e4lt in seiner Entscheidung an seiner Rechtsprechung zur optischen Bedr\u00e4ngung durch Windkraftanlagen fest. Danach gibt es \u201cgrobe Richtwerte\u201c, die eine Orientierung f\u00fcr die Rechtsanwendung geben und eine hinreichend sichere Beurteilung bei der Einzelfallpr\u00fcfung erm\u00f6glichen sollen. Das Gericht unterscheidet hierbei zwischen<\/p>\n<ul>\n<li>einem \u2013 meist unproblematischen \u2013 Abstand, der mindestens das Dreifache der Gesamth\u00f6he (Nabenh\u00f6he + \u00bd Rotordurchmesser) betr\u00e4gt,<\/li>\n<li>einem \u2013 meist problematischen \u2013 Abstand, der geringer als das Zweifache der Gesamth\u00f6he der Anlage ist,<\/li>\n<li>und einem dazwischen liegenden Abstand, der das Zwei- bis Dreifache der Gesamth\u00f6he der Anlage betr\u00e4gt, und eine besonders eingehende Einzelfallpr\u00fcfung erfordert.<\/li>\n<\/ul>\n<p>Im vorliegenden Fall ging es um eine Windkraftanlage mit einer Gesamth\u00f6he von rund 150 m. Das betroffene Wohnhaus ist lediglich 270 m von der Anlage entfernt. Der Abstand ist damit deutlich geringer als das Zweifache der Gesamth\u00f6he der Anlage. Unter Ber\u00fccksichtigung der konkreten \u00f6rtlichen Gegebenheiten, insbesondere der Ausrichtung der Fenster von Wohnr\u00e4umen und des Gartens zum Anlagenstandort, hat das Oberverwaltungsgericht in M\u00fcnster eine optische Bedr\u00e4ngung angenommen.<\/p>\n<p>Oberverwaltungsgericht f\u00fcr das Land Nordrhein-Westfalen, Beschluss vom 24. Juni 2010 \u2013 <a href=\"http:\/\/dejure.org\/dienste\/vernetzung\/rechtsprechung?Text=8%20A%202764\/09\" target=\"_blank\">8 A 2764\/09<\/a><\/p>\n<p>Quelle(n): <a title=\"Rechtslupe.de\" href=\"http:\/\/www.rechtslupe.de\/verwaltungsrecht\/windraeder-und-die-optische-bedraengung-eines-benachbarten-wohnhauses-319874\" target=\"_blank\">http:\/\/www.rechtslupe.de<\/a> und <a title=\"kommunen-in-nrw.de\" href=\"http:\/\/www.kommunen-in-nrw.de\/mitgliederbereich\/mitteilungen\/detailansicht\/dokument\/windkraftanlage-und-feststellung-einer-optisch-bedraengenden-wirkung.html?cHash=bc2447d9294cdcc58fce140d07b18c38\" target=\"_blank\">http:\/\/www.kommunen-in-nrw.de<\/a><\/p>\n","protected":false},"excerpt":{"rendered":"<p>Der St\u00e4dte- und Gemeindebund Nordrhein-Westfalen h\u00e4lt in seiner NRW-Mitteilung 384\/2007 vom 24.05.2007 fest, dass Windkraftanlagen eine optisch bedr\u00e4ngenden Wirkung erzeugen (k\u00f6nnen). Nach dem Beschluss des OVG NRW vom 22.03.2007 (8 B 2283\/06) kann f\u00fcr die Beantwortung der Frage, ob von einer Windkraftanlage eine optisch bedr\u00e4ngende Wirkung auf eine Wohnbebauung ausgeht, nicht pauschal auf die groben [&hellip;]<\/p>\n","protected":false},"author":1,"featured_media":0,"comment_status":"open","ping_status":"closed","sticky":false,"template":"","format":"standard","meta":{"jetpack_post_was_ever_published":false,"_jetpack_newsletter_access":"","_jetpack_dont_email_post_to_subs":false,"_jetpack_newsletter_tier_id":0,"_jetpack_memberships_contains_paywalled_content":false,"_jetpack_memberships_contains_paid_content":false,"footnotes":"","jetpack_publicize_message":"","jetpack_publicize_feature_enabled":true,"jetpack_social_post_already_shared":false,"jetpack_social_options":{"image_generator_settings":{"template":"highway","default_image_id":0,"font":"","enabled":false},"version":2}},"categories":[2],"tags":[160,156,162,161,163,158,165,126,166,155,167,153,157,159,154,164],"class_list":["post-112","post","type-post","status-publish","format-standard","hentry","category-buergerinitiative-windkraft-mit-abstand","tag-22-03-2007","tag-156","tag-8-a-372605","tag-8-b-228306","tag-az-ii1-620-50","tag-beschluss","tag-bochum-gerthe","tag-land","tag-muenster","tag-nrw-mitteilung","tag-oberverwaltungsgericht","tag-oekologisch","tag-optisch-bedraengenden-wirkung","tag-ovg","tag-staedte-und-gemeindebund-nordrhein-westfalen","tag-stoerung"],"jetpack_publicize_connections":[],"jetpack_featured_media_url":"","jetpack_shortlink":"https:\/\/wp.me\/p65ifD-1O","jetpack_sharing_enabled":true,"_links":{"self":[{"href":"https:\/\/www.fronhoven.de\/index.php?rest_route=\/wp\/v2\/posts\/112","targetHints":{"allow":["GET"]}}],"collection":[{"href":"https:\/\/www.fronhoven.de\/index.php?rest_route=\/wp\/v2\/posts"}],"about":[{"href":"https:\/\/www.fronhoven.de\/index.php?rest_route=\/wp\/v2\/types\/post"}],"author":[{"embeddable":true,"href":"https:\/\/www.fronhoven.de\/index.php?rest_route=\/wp\/v2\/users\/1"}],"replies":[{"embeddable":true,"href":"https:\/\/www.fronhoven.de\/index.php?rest_route=%2Fwp%2Fv2%2Fcomments&post=112"}],"version-history":[{"count":5,"href":"https:\/\/www.fronhoven.de\/index.php?rest_route=\/wp\/v2\/posts\/112\/revisions"}],"predecessor-version":[{"id":119,"href":"https:\/\/www.fronhoven.de\/index.php?rest_route=\/wp\/v2\/posts\/112\/revisions\/119"}],"wp:attachment":[{"href":"https:\/\/www.fronhoven.de\/index.php?rest_route=%2Fwp%2Fv2%2Fmedia&parent=112"}],"wp:term":[{"taxonomy":"category","embeddable":true,"href":"https:\/\/www.fronhoven.de\/index.php?rest_route=%2Fwp%2Fv2%2Fcategories&post=112"},{"taxonomy":"post_tag","embeddable":true,"href":"https:\/\/www.fronhoven.de\/index.php?rest_route=%2Fwp%2Fv2%2Ftags&post=112"}],"curies":[{"name":"wp","href":"https:\/\/api.w.org\/{rel}","templated":true}]}}