{"id":129,"date":"2015-04-21T10:39:50","date_gmt":"2015-04-21T08:39:50","guid":{"rendered":"http:\/\/www.fronhoven.de\/?p=129"},"modified":"2015-04-21T10:39:50","modified_gmt":"2015-04-21T08:39:50","slug":"gespraech-mit-die-linke-im-rathaus","status":"publish","type":"post","link":"https:\/\/www.fronhoven.de\/?p=129","title":{"rendered":"Gespr\u00e4ch mit DIE LINKE im Rathaus"},"content":{"rendered":"<p>Auch &#8222;Die Linke&#8220; zeigt Gespr\u00e4chsbereitschaft und hat uns deswegen auch gestern zu sich ins Fraktionsb\u00fcro im Rathaus der Stadt Eschweiler eingeladen. <a title=\"Die Linke: Albert Borchardt\" href=\"http:\/\/www.dielinke-aachen.de\/ov\/eschweiler?start=15\" target=\"_blank\">Albert Borchardt<\/a> und <a title=\"Die Linke: Andr\u00e9 Schulze\" href=\"http:\/\/www.dielinke-aachen.de\/ov\/eschweiler?start=15http:\/\/\" target=\"_blank\">Andr\u00e9 Schulze<\/a> von &#8222;Die Linke&#8220; hatten f\u00fcr uns (Heinz Rinkens, Berthold Braun, Marcel Cuvelier und Volker Schreck) ein offenes Ohr. Wir erl\u00e4uterten detailliert unsere Beweggr\u00fcnde, die Gefahren f\u00fcr Mensch und Natur und unsere generellen Bef\u00fcrchtungen. Anhand des von uns zur Verf\u00fcgung gestellten Kartenmaterials konnten wir den beiden Fraktionsmitgliedern die Lage noch einmal verdeutlichen.<\/p>\n<p>Man war sich einig, dass der Ort Fronhoven \/ Neu-Lohn in der Vergangenheit gen\u00fcgend &#8222;ausgebeutet und belastet&#8220; wurde, alleine durch die L\u00e4rmbelastung der L238, der Umsiedlung, dem Kraftwerk, dem dort genrierten CO2-Aussto\u00df, der Deponie und der M\u00fcllverbrennungsanlage. Au\u00dferdem stellt sich f\u00fcr uns alle auch hier wieder die Frage, ob die an diesem Standort geplanten Anlagen \u00fcberhaupt rentabel sein k\u00f6nnen. Hier wird sich &#8222;Die Linke&#8220; mit Hilfe von Windkarten entsprechend informieren.<\/p>\n<p>Herr Borchardt und Herr Schulze werden sich jetzt, so hat man uns gegen\u00fcber versichert, im Nachgang zu unserem Gespr\u00e4ch weitere Details zu der geplanten \u00c4nderung des Fl\u00e4chennutzungsplans anschauen und die Details dazu hinterfragen. \u00dcber den Regionalrat wird &#8222;Die Linke&#8220; die Vorgaben des Landes anfragen.<\/p>\n<p>Wir bedanken uns f\u00fcr das angenehme Gespr\u00e4ch und hoffen auf Ihre Unterst\u00fctzung!<\/p>\n","protected":false},"excerpt":{"rendered":"<p>Auch &#8222;Die Linke&#8220; zeigt Gespr\u00e4chsbereitschaft und hat uns deswegen auch gestern zu sich ins Fraktionsb\u00fcro im Rathaus der Stadt Eschweiler eingeladen. Albert Borchardt und Andr\u00e9 Schulze von &#8222;Die Linke&#8220; hatten f\u00fcr uns (Heinz Rinkens, Berthold Braun, Marcel Cuvelier und Volker Schreck) ein offenes Ohr. Wir erl\u00e4uterten detailliert unsere Beweggr\u00fcnde, die Gefahren f\u00fcr Mensch und Natur [&hellip;]<\/p>\n","protected":false},"author":1,"featured_media":0,"comment_status":"open","ping_status":"closed","sticky":false,"template":"","format":"standard","meta":{"jetpack_post_was_ever_published":false,"_jetpack_newsletter_access":"","_jetpack_dont_email_post_to_subs":false,"_jetpack_newsletter_tier_id":0,"_jetpack_memberships_contains_paywalled_content":false,"_jetpack_memberships_contains_paid_content":false,"footnotes":"","jetpack_publicize_message":"","jetpack_publicize_feature_enabled":true,"jetpack_social_post_already_shared":false,"jetpack_social_options":{"image_generator_settings":{"template":"highway","default_image_id":0,"font":"","enabled":false},"version":2}},"categories":[2],"tags":[201,202,12,109,208,96,196,115,210,199,207,9,204,198,11,206,95,118,126,13,205,121,10,197,211,200,119,212,203,209],"class_list":["post-129","post","type-post","status-publish","format-standard","hentry","category-buergerinitiative-windkraft-mit-abstand","tag-albert-borchardt","tag-andre-schulze","tag-berthold-braun","tag-beweggruende","tag-co2-ausstoss","tag-deponie","tag-die-linke","tag-eschweiler","tag-flaechennutzungsplan","tag-fraktionsbuero","tag-fraktionsmitgliedern","tag-fronhoven","tag-gefahren","tag-gespraechsbereitschaft","tag-heinz-rinkens","tag-kartenmaterials","tag-kraftwerk","tag-l238","tag-land","tag-marcel-cuvelier","tag-mensch-und-natur","tag-muellverbrennungsanlage","tag-neu-lohn","tag-rathaus","tag-regionalrat","tag-stadt","tag-umsiedlung","tag-unterstuetzung","tag-volker-schreck","tag-windkarten"],"jetpack_publicize_connections":[],"jetpack_featured_media_url":"","jetpack_shortlink":"https:\/\/wp.me\/p65ifD-25","jetpack_sharing_enabled":true,"_links":{"self":[{"href":"https:\/\/www.fronhoven.de\/index.php?rest_route=\/wp\/v2\/posts\/129","targetHints":{"allow":["GET"]}}],"collection":[{"href":"https:\/\/www.fronhoven.de\/index.php?rest_route=\/wp\/v2\/posts"}],"about":[{"href":"https:\/\/www.fronhoven.de\/index.php?rest_route=\/wp\/v2\/types\/post"}],"author":[{"embeddable":true,"href":"https:\/\/www.fronhoven.de\/index.php?rest_route=\/wp\/v2\/users\/1"}],"replies":[{"embeddable":true,"href":"https:\/\/www.fronhoven.de\/index.php?rest_route=%2Fwp%2Fv2%2Fcomments&post=129"}],"version-history":[{"count":1,"href":"https:\/\/www.fronhoven.de\/index.php?rest_route=\/wp\/v2\/posts\/129\/revisions"}],"predecessor-version":[{"id":130,"href":"https:\/\/www.fronhoven.de\/index.php?rest_route=\/wp\/v2\/posts\/129\/revisions\/130"}],"wp:attachment":[{"href":"https:\/\/www.fronhoven.de\/index.php?rest_route=%2Fwp%2Fv2%2Fmedia&parent=129"}],"wp:term":[{"taxonomy":"category","embeddable":true,"href":"https:\/\/www.fronhoven.de\/index.php?rest_route=%2Fwp%2Fv2%2Fcategories&post=129"},{"taxonomy":"post_tag","embeddable":true,"href":"https:\/\/www.fronhoven.de\/index.php?rest_route=%2Fwp%2Fv2%2Ftags&post=129"}],"curies":[{"name":"wp","href":"https:\/\/api.w.org\/{rel}","templated":true}]}}