{"id":136,"date":"2015-04-23T11:57:07","date_gmt":"2015-04-23T09:57:07","guid":{"rendered":"http:\/\/www.fronhoven.de\/?p=136"},"modified":"2015-04-27T09:07:01","modified_gmt":"2015-04-27T07:07:01","slug":"treffen-mit-vertretern-der-rwe-bmr-cdu-und-spd","status":"publish","type":"post","link":"https:\/\/www.fronhoven.de\/?p=136","title":{"rendered":"Treffen mit Vertretern der RWE, BMR, CDU und SPD"},"content":{"rendered":"<p>Am gestrigen Abend hat sich die B\u00fcrgerinitiative &#8222;Windkraft mit Abstand&#8220; im Gasthof Rinkens mit Vertretern von der RWE Power AG (Marcel Martin (Abteilung Liegenschaftsprojekte)), der RWE Innogy GmbH (Paul Simon Steinert (Projektleiter Entwicklung Deutschland)), der BMR energy solutions GmbH (Guido Beckers und Georg Melchers (Gesch\u00e4ftsf\u00fchrer)) und mit Mitgliedern der SPD- (Willi Broschk, Leo Gehlen und Claudia Moll) und CDU-Fraktion (Franz-Josef Auer, Wilfried Berndt und Thomas Graff) zu einem weiteren Gespr\u00e4ch getroffen.<\/p>\n<p>Am Anfang der Gespr\u00e4chsrunde, die durch Franz-Josef Auer moderiert wurde, wurden nochmal die unterschiedlichen Meinungen der verschiedenen Interessengemeinschaften ausgetauscht. Man versuchte uns von der BMR nochmal klar zu machen, dass alles nat\u00fcrlich gesetzeskonform ist und alles seinen ordentlichen Weg geht.<\/p>\n<p>Nachdem wir von der B\u00fcrgerinitiative unsere Forderung von einem Mindestabstand von 2.000 Metern nochmals klar kommuniziert hatten, begann die Diskussion an Fahrt aufzunehmen.\u00a0 Laut der BMR w\u00e4ren ZWEI Windkraftr\u00e4der im Prinzip wie &#8222;KEINE Windkraftr\u00e4der anzusehen&#8220;, da sich die Investitionen dann nicht tragen. Unser Hinweis auf die zwei Anlagen am Kraftwerk wurden mit dem Argument abgetan, dass aufgrund der N\u00e4he zum Kraftwerk die &#8222;Anschlusskosten&#8220; \u00fcberschaubar waren. Die Anschlusskosten f\u00fcr die elf Windr\u00e4der w\u00e4ren eine andere Nummer. Unter anderem w\u00e4re man uns ja schon entgegengekommen, indem das Windrad mit der Nummer WEA 21 schon versetzt worden sei &#8211; aus unserer Sicht l\u00e4cherlich, vorallem wenn man bedankt, dass diese Anlage nicht einmal die Anlage ist, die sich am nahesten zum Wohngebiet befindet!.<\/p>\n<p>Herr Beckers von der BMR versuchte immer wieder alle Fakten zu wiederholen, warum alles &#8222;gut&#8220; ist und man sich an alle Vorschriften h\u00e4lt. Die Politik musste zugestehen, dass man im Rat (vor ca. zwei Jahren) sich grunds\u00e4tzlich f\u00fcr die Ausweisung der Konzentrationsfl\u00e4che entschieden hatte. Also ist das Kind (damals) schon ein St\u00fcck weit in den Brunnen gefallen!!<\/p>\n<p>Leo Gehlen und Wilfried Berndt versuchten mit dem Vorschlag, dass die B\u00fcrgerinitiative und RWE doch etwas aufeinander zugehen sollten, den konstruktiven Dialog nochmals anzuschieben. Die Mitglieder der B\u00fcrgerinitiative erkl\u00e4rten erneut, dass f\u00fcr uns der Wegfall oder die Verschiebung von (ausschlie\u00dflich) der Anlage WEA 19 KEIN KOMPROMISS darstellt und wir \u00fcber Dinge unter 1.500 Meter nicht kompromissbereit sind.<\/p>\n<p>Wilfried Berndt wies den Vetretern von BMR und der RWE darauf hin, dass am Ende des Tages keiner hier gewinnt. Letztlich wurde von Herrn Steinert und Herrn Beckers der Ball nochmals aufgegriffen, mit der Zusage zu \u00fcberpr\u00fcfen, ob und wie ein Kompromiss aussehen k\u00f6nnte.<\/p>\n<p>Als n\u00e4chster Termin mit den o.g. Beteiligten ist der 13.05.2015 um 18.00 Uhr im Gasthof Rinkens vereinbart. Hier soll der B\u00fcrgerinitiative ggf. ein neuer Vorschlag unterbreitet werden auf den wir sehr gespannt sind!<\/p>\n","protected":false},"excerpt":{"rendered":"<p>Am gestrigen Abend hat sich die B\u00fcrgerinitiative &#8222;Windkraft mit Abstand&#8220; im Gasthof Rinkens mit Vertretern von der RWE Power AG (Marcel Martin (Abteilung Liegenschaftsprojekte)), der RWE Innogy GmbH (Paul Simon Steinert (Projektleiter Entwicklung Deutschland)), der BMR energy solutions GmbH (Guido Beckers und Georg Melchers (Gesch\u00e4ftsf\u00fchrer)) und mit Mitgliedern der SPD- (Willi Broschk, Leo Gehlen und [&hellip;]<\/p>\n","protected":false},"author":1,"featured_media":0,"comment_status":"open","ping_status":"closed","sticky":false,"template":"","format":"standard","meta":{"jetpack_post_was_ever_published":false,"_jetpack_newsletter_access":"","_jetpack_dont_email_post_to_subs":false,"_jetpack_newsletter_tier_id":0,"_jetpack_memberships_contains_paywalled_content":false,"_jetpack_memberships_contains_paid_content":false,"footnotes":"","jetpack_publicize_message":"","jetpack_publicize_feature_enabled":true,"jetpack_social_post_already_shared":true,"jetpack_social_options":{"image_generator_settings":{"template":"highway","default_image_id":0,"font":"","enabled":false},"version":2}},"categories":[2],"tags":[227,217,235,222,106,87,78,221,234,113,213,224,225,233,226,198,232,223,236,230,80,216,219,231,220,218,215,168,214,229,228,116,270,105],"class_list":["post-136","post","type-post","status-publish","format-standard","hentry","category-buergerinitiative-windkraft-mit-abstand","tag-1-500-meter","tag-abteilung-liegenschaftsprojekte","tag-anschlusskosten","tag-bmr-energy-solutions-gmbh","tag-buergerinitiative","tag-cdu","tag-claudia-moll","tag-entwicklung-deutschland","tag-forderung","tag-franz-josef-auer","tag-gasthof-rinkens","tag-georg-melchers","tag-geschaeftsfuehrer-spd","tag-gesetzeskonform","tag-gespraech","tag-gespraechsbereitschaft","tag-gespraechsrunde","tag-guido-beckers","tag-im-brunnen-gefallen","tag-kompromiss","tag-leo-gehlen","tag-marcel-martin","tag-paul-simon-steinert","tag-politik","tag-projektleiter","tag-rwe-innogy-gmbh","tag-rwe-power-ag","tag-thomas-graff","tag-vertretern","tag-wea-19","tag-wea-21","tag-wilfried-berndt","tag-willi-broschk","tag-windkraft-mit-abstand"],"jetpack_publicize_connections":[],"jetpack_featured_media_url":"","jetpack_shortlink":"https:\/\/wp.me\/p65ifD-2c","jetpack_sharing_enabled":true,"_links":{"self":[{"href":"https:\/\/www.fronhoven.de\/index.php?rest_route=\/wp\/v2\/posts\/136","targetHints":{"allow":["GET"]}}],"collection":[{"href":"https:\/\/www.fronhoven.de\/index.php?rest_route=\/wp\/v2\/posts"}],"about":[{"href":"https:\/\/www.fronhoven.de\/index.php?rest_route=\/wp\/v2\/types\/post"}],"author":[{"embeddable":true,"href":"https:\/\/www.fronhoven.de\/index.php?rest_route=\/wp\/v2\/users\/1"}],"replies":[{"embeddable":true,"href":"https:\/\/www.fronhoven.de\/index.php?rest_route=%2Fwp%2Fv2%2Fcomments&post=136"}],"version-history":[{"count":5,"href":"https:\/\/www.fronhoven.de\/index.php?rest_route=\/wp\/v2\/posts\/136\/revisions"}],"predecessor-version":[{"id":154,"href":"https:\/\/www.fronhoven.de\/index.php?rest_route=\/wp\/v2\/posts\/136\/revisions\/154"}],"wp:attachment":[{"href":"https:\/\/www.fronhoven.de\/index.php?rest_route=%2Fwp%2Fv2%2Fmedia&parent=136"}],"wp:term":[{"taxonomy":"category","embeddable":true,"href":"https:\/\/www.fronhoven.de\/index.php?rest_route=%2Fwp%2Fv2%2Fcategories&post=136"},{"taxonomy":"post_tag","embeddable":true,"href":"https:\/\/www.fronhoven.de\/index.php?rest_route=%2Fwp%2Fv2%2Ftags&post=136"}],"curies":[{"name":"wp","href":"https:\/\/api.w.org\/{rel}","templated":true}]}}