{"id":143,"date":"2015-04-23T13:55:44","date_gmt":"2015-04-23T11:55:44","guid":{"rendered":"http:\/\/www.fronhoven.de\/?p=143"},"modified":"2015-04-23T13:55:44","modified_gmt":"2015-04-23T11:55:44","slug":"landschaftsbeirats-der-staedteregion-aachen-aufgrund-der-visuellen-vorbelastungen-werden-die-negativen-auswirkungen-als-eher-gering-eingeschaetzt","status":"publish","type":"post","link":"https:\/\/www.fronhoven.de\/?p=143","title":{"rendered":"Landschaftsbeirats der St\u00e4dteRegion Aachen: Aufgrund der visuellen Vorbelastungen werden die negativen Auswirkungen als eher gering eingesch\u00e4tzt"},"content":{"rendered":"<p>Wir sind echt ersch\u00fcttert!! Unser Ort ist in der Vergangenheit nachhaltig durch die L238, der Deponie, dem Kraftwerk, dem Tagebau und der M\u00fcllverbrennungsanlage beeintr\u00e4chtig worden. Und all diese negativen Aspekte werden jetzt tats\u00e4chlich als <strong>positive Begr\u00fcndung<\/strong> f\u00fcr die Errichtung der Windkraftanlagen verwendet. Es ist kaum zu glauben! Hier ein Auszug aus der Tagesordnung:<\/p>\n<blockquote><p>Schutzgut \u201eLandschaft\/Landschaftsbild\u201c:<br \/>\nAufgrund der visuellen Vorbelastungen, des B\u00fcndelungseffektes, der teilweise<br \/>\nvorhandenen Sichthindernisse sowie des Eigenartverlustes durch den erfolgten<br \/>\nBraunkohleabbau bzw. vorhandener WEA werden die negativen Auswirkungen als<br \/>\neher gering eingesch\u00e4tzt.<\/p><\/blockquote>\n<p>Also halten wir fest, da wir in Fronhoven \/ Neu-Lohn es ja gewohnt sind benachteiligt zu werden, kann man das auch zuk\u00fcnftig weiterhin so machen! Ist das nicht unglaublich?<\/p>\n<p>Hier ein weitere Auszug:<\/p>\n<blockquote><p>Schutzgut \u201eMensch\u201c:<br \/>\nIm Hinblick auf die Erholungsfunktion, die im Betrachtungsraum eine eher<br \/>\nuntergeordnete Rolle spielt, sind keine erheblichen zus\u00e4tzlichen Beeintr\u00e4chtigungen<br \/>\nzu erwarten.<\/p><\/blockquote>\n<p>Ist das noch zu fassen? So wird mit den Menschen innerhalb unseres sch\u00f6nen Ortes umgegangen!<\/p>\n<p>Wer die B\u00fcrgerinitiative unterst\u00fctzen m\u00f6chte kann sehr gerne am 28.04.2015, ab 15:00, in einer \u00f6ffentlichen Sitzung des Landschaftsbeirates der <a title=\"Google Maps: St\u00e4dteRegion Aachen Kartenausschnitt\" href=\"https:\/\/goo.gl\/maps\/YdrTh\" target=\"_blank\">St\u00e4dteRegion Aachen in der Zollernstra\u00dfe<\/a> teilnehmen und ggf. seine Meinung kundtun. In dieser Sitzung wird u.a. die geplanten 2. \u00c4nderung des Fl\u00e4chennutzungsplans, Konzentrationszonen f\u00fcr Windenergieanlagen, Stadt Eschweiler besprochen.<\/p>\n<p>Wir von der B\u00fcrgerinitiative sind der Meinung, dass wir die B\u00fcrger unseres Ortes dort erscheinen sollten. Die Beschlussvorlage, die dem geplanten Vorhaben zustimmt, ist argumentativ eine einzige Katastrophe und zeigt auch dort mal wieder, dass man sich nur rudiment\u00e4r mit der Sache besch\u00e4ftigt hat!!<\/p>\n<p>Quelle bzw. Download des\/der gesamten Dokumentes\/Tagesordnung:<br \/>\n<a title=\"St\u00e4dteRegion Aachen\" href=\"http:\/\/www.staedteregion-aachen.de\/wps\/portal\/internet\/home\/service\/aemter\/a70\/!ut\/p\/c5\/dYtBC4IwGED_Ud_n3HQ7mjaUjFSk0ssYukyQKZYeoh-f0DkevMvjQQ0bVq99p1_9aPUAN6g9lcU0cJIzCu7KABPOZXbMGfFKHyqo_L_dZXCdzXNc5sZAETqE-SSSiJRxj4YfcSnikAhBT4coIOgwpD9THxFbU-pum-fWLrZT6b5QhCukymG7qb1D3ujmYVKzmkEuwwCTfQdfAUK7YA!!\/\" target=\"_blank\">St\u00e4dteRegion Aachen &#8211; Landschaftsbeirat<\/a><\/p>\n","protected":false},"excerpt":{"rendered":"<p>Wir sind echt ersch\u00fcttert!! Unser Ort ist in der Vergangenheit nachhaltig durch die L238, der Deponie, dem Kraftwerk, dem Tagebau und der M\u00fcllverbrennungsanlage beeintr\u00e4chtig worden. Und all diese negativen Aspekte werden jetzt tats\u00e4chlich als positive Begr\u00fcndung f\u00fcr die Errichtung der Windkraftanlagen verwendet. Es ist kaum zu glauben! Hier ein Auszug aus der Tagesordnung: Schutzgut \u201eLandschaft\/Landschaftsbild\u201c: [&hellip;]<\/p>\n","protected":false},"author":1,"featured_media":0,"comment_status":"open","ping_status":"closed","sticky":false,"template":"","format":"standard","meta":{"jetpack_post_was_ever_published":false,"_jetpack_newsletter_access":"","_jetpack_dont_email_post_to_subs":false,"_jetpack_newsletter_tier_id":0,"_jetpack_memberships_contains_paywalled_content":false,"_jetpack_memberships_contains_paid_content":false,"footnotes":"","jetpack_publicize_message":"Auszug aus der geplanten Tagesordnung des Landschaftsbeirats am 28.04.2015 bei der St\u00e4dteRegion Aachen","jetpack_publicize_feature_enabled":true,"jetpack_social_post_already_shared":true,"jetpack_social_options":{"image_generator_settings":{"template":"highway","default_image_id":0,"font":"","enabled":false},"version":2}},"categories":[2],"tags":[241,240,248,244,247,250,239,252,243,237,246,242,238,251,245,249,253],"class_list":["post-143","post","type-post","status-publish","format-standard","hentry","category-buergerinitiative-windkraft-mit-abstand","tag-1500-uhr","tag-28-04-2015","tag-braunkohleabbau","tag-buendelungseffektes","tag-eigenartverlustes","tag-erholungsfunktion","tag-landschaftsbeirat","tag-oeffentlichen-sitzung","tag-schutzgut-landschaftlandschaftsbild","tag-schutzgut-mensch","tag-sichthindernisse","tag-staedteregion-aachen","tag-tagesordnung","tag-untergeordnete-rolle","tag-visuellen-vorbelastungen","tag-vorhandene-wea","tag-zollernstrasse"],"jetpack_publicize_connections":[],"jetpack_featured_media_url":"","jetpack_shortlink":"https:\/\/wp.me\/p65ifD-2j","jetpack_sharing_enabled":true,"_links":{"self":[{"href":"https:\/\/www.fronhoven.de\/index.php?rest_route=\/wp\/v2\/posts\/143","targetHints":{"allow":["GET"]}}],"collection":[{"href":"https:\/\/www.fronhoven.de\/index.php?rest_route=\/wp\/v2\/posts"}],"about":[{"href":"https:\/\/www.fronhoven.de\/index.php?rest_route=\/wp\/v2\/types\/post"}],"author":[{"embeddable":true,"href":"https:\/\/www.fronhoven.de\/index.php?rest_route=\/wp\/v2\/users\/1"}],"replies":[{"embeddable":true,"href":"https:\/\/www.fronhoven.de\/index.php?rest_route=%2Fwp%2Fv2%2Fcomments&post=143"}],"version-history":[{"count":1,"href":"https:\/\/www.fronhoven.de\/index.php?rest_route=\/wp\/v2\/posts\/143\/revisions"}],"predecessor-version":[{"id":144,"href":"https:\/\/www.fronhoven.de\/index.php?rest_route=\/wp\/v2\/posts\/143\/revisions\/144"}],"wp:attachment":[{"href":"https:\/\/www.fronhoven.de\/index.php?rest_route=%2Fwp%2Fv2%2Fmedia&parent=143"}],"wp:term":[{"taxonomy":"category","embeddable":true,"href":"https:\/\/www.fronhoven.de\/index.php?rest_route=%2Fwp%2Fv2%2Fcategories&post=143"},{"taxonomy":"post_tag","embeddable":true,"href":"https:\/\/www.fronhoven.de\/index.php?rest_route=%2Fwp%2Fv2%2Ftags&post=143"}],"curies":[{"name":"wp","href":"https:\/\/api.w.org\/{rel}","templated":true}]}}