{"id":147,"date":"2015-04-24T12:23:30","date_gmt":"2015-04-24T10:23:30","guid":{"rendered":"http:\/\/www.fronhoven.de\/?p=147"},"modified":"2015-04-24T12:23:30","modified_gmt":"2015-04-24T10:23:30","slug":"aussage-betreibergesellschaft-vs-standortuntersuchung-der-stadt-eschweiler","status":"publish","type":"post","link":"https:\/\/www.fronhoven.de\/?p=147","title":{"rendered":"Aussage Betreibergesellschaft -VS- Standortuntersuchung der Stadt Eschweiler"},"content":{"rendered":"<p><a href=\"https:\/\/i0.wp.com\/www.fronhoven.de\/wp-content\/uploads\/2015\/04\/20150424_115848editedsmaller.jpg?ssl=1\"><img data-recalc-dims=\"1\" loading=\"lazy\" decoding=\"async\" data-attachment-id=\"148\" data-permalink=\"https:\/\/www.fronhoven.de\/?attachment_id=148\" data-orig-file=\"https:\/\/i0.wp.com\/www.fronhoven.de\/wp-content\/uploads\/2015\/04\/20150424_115848editedsmaller.jpg?fit=1370%2C813&amp;ssl=1\" data-orig-size=\"1370,813\" data-comments-opened=\"1\" data-image-meta=\"{&quot;aperture&quot;:&quot;2.2&quot;,&quot;credit&quot;:&quot;&quot;,&quot;camera&quot;:&quot;GT-I9505&quot;,&quot;caption&quot;:&quot;&quot;,&quot;created_timestamp&quot;:&quot;1429876728&quot;,&quot;copyright&quot;:&quot;&quot;,&quot;focal_length&quot;:&quot;4.2&quot;,&quot;iso&quot;:&quot;160&quot;,&quot;shutter_speed&quot;:&quot;0.058823529411765&quot;,&quot;title&quot;:&quot;&quot;,&quot;orientation&quot;:&quot;0&quot;}\" data-image-title=\"20150424_115848editedsmaller\" data-image-description=\"\" data-image-caption=\"\" data-large-file=\"https:\/\/i0.wp.com\/www.fronhoven.de\/wp-content\/uploads\/2015\/04\/20150424_115848editedsmaller.jpg?fit=1024%2C608&amp;ssl=1\" class=\"alignleft size-medium wp-image-148\" src=\"https:\/\/i0.wp.com\/www.fronhoven.de\/wp-content\/uploads\/2015\/04\/20150424_115848editedsmaller.jpg?resize=300%2C178&#038;ssl=1\" alt=\"20150424_115848editedsmaller\" width=\"300\" height=\"178\" srcset=\"https:\/\/i0.wp.com\/www.fronhoven.de\/wp-content\/uploads\/2015\/04\/20150424_115848editedsmaller.jpg?resize=300%2C178&amp;ssl=1 300w, https:\/\/i0.wp.com\/www.fronhoven.de\/wp-content\/uploads\/2015\/04\/20150424_115848editedsmaller.jpg?resize=1024%2C608&amp;ssl=1 1024w, https:\/\/i0.wp.com\/www.fronhoven.de\/wp-content\/uploads\/2015\/04\/20150424_115848editedsmaller.jpg?resize=624%2C370&amp;ssl=1 624w, https:\/\/i0.wp.com\/www.fronhoven.de\/wp-content\/uploads\/2015\/04\/20150424_115848editedsmaller.jpg?w=1370&amp;ssl=1 1370w\" sizes=\"auto, (max-width: 300px) 100vw, 300px\" \/><\/a>Die Vertreter der Betreibergesellschaft meinten w\u00e4hrend des Treffens mit der B\u00fcrgerinitiative am vergangenen Mittwoch (22.04.2015) ja kategorisch, dass 2.000 m Abstand f\u00fcr sie v\u00f6llig inakzeptabel seien, da man dann lediglich mit den verbleibenden zwei Anlagen nicht wirtschaftlich Energie erzeugen k\u00f6nne.<\/p>\n<p>Auf direkter Nachfrage der B\u00fcrgerinitiative hin, warum dies doch anscheinend mit den zwei Anlagen in der N\u00e4he des Kraftwerks ginge, teilte man mit, dort seien bereits Versorgungsleitungen vorhanden gewesen, die &#8222;N\u00f6rdlich Fronhoven&#8220; noch errichtet werden m\u00fcssten und f\u00fcr &#8222;lediglich&#8220; zwei Anlagen sei diese Investition nicht rentabel!!<\/p>\n<p>In der Standortuntersuchung der Stadt Eschweiler (Stand Januar 2015) hei\u00dft es allerdings auf Seite 51:<\/p>\n<blockquote><p><strong>Gesamtbewertung\u00a0 <\/strong><br \/>\nDie Suchr\u00e4ume 2a, 2b, 3 und 4 verf\u00fcgen \u00fcber eine sehr gute Windh\u00f6ffigkeit sowie \u00fcber vorhandene Erschlie\u00dfungsanlagen. Die Gel\u00e4ndeh\u00f6hen lassen Anlagen von 188 bis 225 Meter H\u00f6he zu.<\/p><\/blockquote>\n<p><span style=\"color: #000000;\"><strong>Hier wird also anscheinend seitens der Betreibergesellschaft <span style=\"text-decoration: underline;\">bewusst<\/span> versucht, uns als B\u00fcrger hinters Licht zu f\u00fchren!<\/strong><\/span><\/p>\n","protected":false},"excerpt":{"rendered":"<p>Die Vertreter der Betreibergesellschaft meinten w\u00e4hrend des Treffens mit der B\u00fcrgerinitiative am vergangenen Mittwoch (22.04.2015) ja kategorisch, dass 2.000 m Abstand f\u00fcr sie v\u00f6llig inakzeptabel seien, da man dann lediglich mit den verbleibenden zwei Anlagen nicht wirtschaftlich Energie erzeugen k\u00f6nne. Auf direkter Nachfrage der B\u00fcrgerinitiative hin, warum dies doch anscheinend mit den zwei Anlagen in [&hellip;]<\/p>\n","protected":false},"author":1,"featured_media":0,"comment_status":"open","ping_status":"closed","sticky":false,"template":"","format":"standard","meta":{"jetpack_post_was_ever_published":false,"_jetpack_newsletter_access":"","_jetpack_dont_email_post_to_subs":false,"_jetpack_newsletter_tier_id":0,"_jetpack_memberships_contains_paywalled_content":false,"_jetpack_memberships_contains_paid_content":false,"footnotes":"","jetpack_publicize_message":"Aussage Betreibergesellschaft -VS- Standortuntersuchung der Stadt Eschweiler","jetpack_publicize_feature_enabled":true,"jetpack_social_post_already_shared":true,"jetpack_social_options":{"image_generator_settings":{"template":"highway","default_image_id":0,"font":"","enabled":false},"version":2}},"categories":[2],"tags":[262,264,263,257,258,259,254,255,106,265,9,261,266,95,47,269,268,267,256,260],"class_list":["post-147","post","type-post","status-publish","format-standard","hentry","category-buergerinitiative-windkraft-mit-abstand","tag-188-bis-225-meter-hoehe","tag-200m-abstand","tag-22-04-2015","tag-2a","tag-2b","tag-3-und-4","tag-betreibergesellschaft","tag-bmr","tag-buergerinitiative","tag-energie","tag-fronhoven","tag-gelaendehoehen","tag-investition","tag-kraftwerk","tag-noerdlich","tag-seite-51","tag-stadt-eschweiler","tag-standortuntersuchung","tag-suchraeume","tag-vorhandene-erschliessungsanlagen"],"jetpack_publicize_connections":[],"jetpack_featured_media_url":"","jetpack_shortlink":"https:\/\/wp.me\/p65ifD-2n","jetpack_sharing_enabled":true,"_links":{"self":[{"href":"https:\/\/www.fronhoven.de\/index.php?rest_route=\/wp\/v2\/posts\/147","targetHints":{"allow":["GET"]}}],"collection":[{"href":"https:\/\/www.fronhoven.de\/index.php?rest_route=\/wp\/v2\/posts"}],"about":[{"href":"https:\/\/www.fronhoven.de\/index.php?rest_route=\/wp\/v2\/types\/post"}],"author":[{"embeddable":true,"href":"https:\/\/www.fronhoven.de\/index.php?rest_route=\/wp\/v2\/users\/1"}],"replies":[{"embeddable":true,"href":"https:\/\/www.fronhoven.de\/index.php?rest_route=%2Fwp%2Fv2%2Fcomments&post=147"}],"version-history":[{"count":1,"href":"https:\/\/www.fronhoven.de\/index.php?rest_route=\/wp\/v2\/posts\/147\/revisions"}],"predecessor-version":[{"id":149,"href":"https:\/\/www.fronhoven.de\/index.php?rest_route=\/wp\/v2\/posts\/147\/revisions\/149"}],"wp:attachment":[{"href":"https:\/\/www.fronhoven.de\/index.php?rest_route=%2Fwp%2Fv2%2Fmedia&parent=147"}],"wp:term":[{"taxonomy":"category","embeddable":true,"href":"https:\/\/www.fronhoven.de\/index.php?rest_route=%2Fwp%2Fv2%2Fcategories&post=147"},{"taxonomy":"post_tag","embeddable":true,"href":"https:\/\/www.fronhoven.de\/index.php?rest_route=%2Fwp%2Fv2%2Ftags&post=147"}],"curies":[{"name":"wp","href":"https:\/\/api.w.org\/{rel}","templated":true}]}}