{"id":155,"date":"2015-04-27T12:16:30","date_gmt":"2015-04-27T10:16:30","guid":{"rendered":"http:\/\/www.fronhoven.de\/?p=155"},"modified":"2015-04-27T12:19:22","modified_gmt":"2015-04-27T10:19:22","slug":"persoenliche-haftung-von-stadtratsmitgliedern","status":"publish","type":"post","link":"https:\/\/www.fronhoven.de\/?p=155","title":{"rendered":"Pers\u00f6nliche Haftung von Stadtratsmitgliedern"},"content":{"rendered":"<h2>Die Schutzpflicht des Staates und die pers\u00f6nliche Haftung von Stadtratsmitgliedern<\/h2>\n<p><a href=\"https:\/\/i0.wp.com\/www.fronhoven.de\/wp-content\/uploads\/2015\/04\/Geldscheine.jpg?ssl=1\"><img data-recalc-dims=\"1\" loading=\"lazy\" decoding=\"async\" data-attachment-id=\"157\" data-permalink=\"https:\/\/www.fronhoven.de\/?attachment_id=157\" data-orig-file=\"https:\/\/i0.wp.com\/www.fronhoven.de\/wp-content\/uploads\/2015\/04\/Geldscheine.jpg?fit=793%2C562&amp;ssl=1\" data-orig-size=\"793,562\" data-comments-opened=\"1\" data-image-meta=\"{&quot;aperture&quot;:&quot;2.2&quot;,&quot;credit&quot;:&quot;&quot;,&quot;camera&quot;:&quot;GT-I9505&quot;,&quot;caption&quot;:&quot;&quot;,&quot;created_timestamp&quot;:&quot;1430136555&quot;,&quot;copyright&quot;:&quot;&quot;,&quot;focal_length&quot;:&quot;4.2&quot;,&quot;iso&quot;:&quot;64&quot;,&quot;shutter_speed&quot;:&quot;0.03030303030303&quot;,&quot;title&quot;:&quot;&quot;,&quot;orientation&quot;:&quot;0&quot;}\" data-image-title=\"Geldscheine\" data-image-description=\"\" data-image-caption=\"\" data-large-file=\"https:\/\/i0.wp.com\/www.fronhoven.de\/wp-content\/uploads\/2015\/04\/Geldscheine.jpg?fit=793%2C562&amp;ssl=1\" class=\"alignright size-medium wp-image-157\" src=\"https:\/\/i0.wp.com\/www.fronhoven.de\/wp-content\/uploads\/2015\/04\/Geldscheine.jpg?resize=300%2C213&#038;ssl=1\" alt=\"Geldscheine\" width=\"300\" height=\"213\" srcset=\"https:\/\/i0.wp.com\/www.fronhoven.de\/wp-content\/uploads\/2015\/04\/Geldscheine.jpg?resize=300%2C213&amp;ssl=1 300w, https:\/\/i0.wp.com\/www.fronhoven.de\/wp-content\/uploads\/2015\/04\/Geldscheine.jpg?resize=624%2C442&amp;ssl=1 624w, https:\/\/i0.wp.com\/www.fronhoven.de\/wp-content\/uploads\/2015\/04\/Geldscheine.jpg?w=793&amp;ssl=1 793w\" sizes=\"auto, (max-width: 300px) 100vw, 300px\" \/><\/a>Aus dem verfassungsrechtlichen Schutzauftrag aus <a href=\"http:\/\/de.wikipedia.org\/wiki\/Artikel_2_des_Grundgesetzes_f%C3%BCr_die_Bundesrepublik_Deutschland\" target=\"_blank\">Art. 2 Abs. 2 Satz 1 des Grundgesetzes<\/a> ergibt sich f\u00fcr den Staat die Pflicht, &#8222;<em>das Leben und die k\u00f6rperliche Unversehrtheit des Einzelnen zu sch\u00fctzen, d.h. vor allem auch vor rechtswidrigen Eingriffen von Seiten anderer zu bewahren<\/em>&#8220; (z.B. Bundesverfassungsgericht, BVerfGE 115, 320\/346). Die Verletzung dieser Schutzpflicht kann von allen Grundrechtstr\u00e4gern geltend gemacht werden, &#8222;<span style=\"text-decoration: underline;\">auch von besonders empfindlichen Personen<\/span>&#8220; (Jarass in Jarass\/Pieroth, Grundgesetz-Kommentar, 13. Auflage 2014, Art. 2 GG Rn. 91 f.). Selbst dann also, wenn die These zutrifft, dass nur ein bestimmter Ausschnitt aus der Bev\u00f6lkerung eine Anf\u00e4lligkeit f\u00fcr die Gesundheitsgefahren des Infraschalls zeige, f\u00fchrte dies somit nicht zu einer anderen rechtlichen Bewertung: L\u00e4sst der Staat (in diesem Sinne umfasst der Begriff auch die Kommunen) es zu, dass Gro\u00dfwindanlagen in einem v\u00f6llig unzureichenden Abstand von teilweise nur wenigen 100 Metern (wie sie auch n\u00f6rdlich von Fronhoven geplant sind) zu menschlichen Wohnungen errichtet werden, <strong>verletzt<\/strong> er seinen staatlichen Schutzauftrag und kann f\u00fcr die gesundheitlichen Folgen <strong>haftbar<\/strong> gemacht werden.<\/p>\n<p>Vor diesem Hintergrund birgt es gro\u00dfe Gefahren auch f\u00fcr Kommunen und ihre Akteure, wenn diese bei ihrer Planung von sog. &#8222;Windkraft-Vorrangfl\u00e4chen&#8220; (im Fl\u00e4chennutzungsplan) bereitwillig den &#8222;Abw\u00e4gungsvorschl\u00e4gen&#8220; der beauftragten Planungsfirmen folgen, die meist zum &#8211; dieser Begriff ist wohl inzwischen angemessen &#8211; \u00f6kologisch-industriellen Komplex geh\u00f6ren. Diese <em>unseri\u00f6se Vorgehensweise<\/em> bringt nicht nur f\u00fcr die Gebietsk\u00f6rperschaften, sondern vor allem auch f\u00fcr die Stadtratsmitglieder pers\u00f6nlich eine Reihe von schwerwiegenden Haftungsrisiken mit sich, und zwar insbesondere im Hinblick auf die Gesundheitsgefahren f\u00fcr den Menschen.<\/p>\n<p>So sind die Dinge leider &#8211; nur ein Beispiel von vielen &#8211; auch in Ottweiler abgelaufen, einer altehrw\u00fcrdigen nassauischen Residenz und preu\u00dfischen Kreisstadt, in der Marschall Bl\u00fccher sich in seiner ber\u00fchmten Ansprache an die Bev\u00f6lkerung wandte, bevor er Wellington nach Waterloo zu Hilfe eilte, um Napoleon endg\u00fcltig zu schlagen. Trotz ihrer gro\u00dfen Tradition hat die Stadt Ottweiler heute keinen Verwaltungsjuristen mehr, da zu viele Personalmittel durch Parteig\u00e4nger ohne besondere Bef\u00e4higung gebunden sind (leider kein Einzelfall in deutschen Kommunen). Das machte anf\u00e4llig daf\u00fcr, den &#8222;Abw\u00e4gungsvorschl\u00e4gen&#8220; der planenden Drittfirma geradezu blind zu folgen und diese uno actu ohne Einzelpr\u00fcfungen in den Fl\u00e4chennutzungsplan zu \u00fcbernehmen. Damit \u00fcbernahm die Stadt auch haftungstr\u00e4chtige Fehler der Planungsvorschl\u00e4ge, was hier f\u00fcr den praktisch wichtigen Fall der Gesundheitsproblematik von Gro\u00dfwindanlagen in Form des Infraschalls gezeigt werden soll: <em>Bei seiner ersten Offenlage enthielt der Entwurf zur Teil\u00e4nderung des Fl\u00e4chennutzungsplans noch gar <span style=\"text-decoration: underline;\">keine Einbeziehung des Infraschalls<\/span> in die Planabw\u00e4gung.<\/em> Bei einer zweiten Offenlage wurde dies nachgeholt, aber \u00e4u\u00dferst mangelhaft &#8211; unter Missachtung der Reichweite der Ermittlungspflichten der planenden Gemeinde.<\/p>\n<p>So hei\u00dft es: &#8222;Sch\u00e4dliche Umweltwirkungen durch Infraschall, der von Windenergieanlagen ausgeht, konnten bisher durch wissenschaftliche Studien nicht belegt werden.&#8220; (SR\/002\/2014 v. 10.4.2014, S. 25 Mitte). <strong>Diese Aussage ist schlicht falsch<\/strong> und au\u00dferdem wird verkannt, dass die staatliche Schutzpflicht f\u00fcr Leib und Leben des Menschen nicht erst dann einsetzt, wenn eine Gefahr endg\u00fcltig nachgewiesen ist.<\/p>\n<h2>Quelle \/ vollst\u00e4ndiger Artikel:<\/h2>\n<ul>\n<li><a href=\"http:\/\/www.elicker.info\/startseite\/\" target=\"_blank\">Prof. Michael Elicker<\/a> \/ Andreas Langenbahn<\/li>\n<li><a href=\"http:\/\/www.deutscherarbeitgeberverband.de\/aktuelles\/2014\/2014_11_30_dav_aktuelles_grosswindanlagen.html\" target=\"_blank\">Vollst\u00e4ndiger Artikel: Deutscher Arbeitgeberverband (dav)<\/a><\/li>\n<\/ul>\n","protected":false},"excerpt":{"rendered":"<p>Die Schutzpflicht des Staates und die pers\u00f6nliche Haftung von Stadtratsmitgliedern Aus dem verfassungsrechtlichen Schutzauftrag aus Art. 2 Abs. 2 Satz 1 des Grundgesetzes ergibt sich f\u00fcr den Staat die Pflicht, &#8222;das Leben und die k\u00f6rperliche Unversehrtheit des Einzelnen zu sch\u00fctzen, d.h. vor allem auch vor rechtswidrigen Eingriffen von Seiten anderer zu bewahren&#8220; (z.B. Bundesverfassungsgericht, BVerfGE [&hellip;]<\/p>\n","protected":false},"author":1,"featured_media":157,"comment_status":"open","ping_status":"closed","sticky":false,"template":"","format":"standard","meta":{"jetpack_post_was_ever_published":false,"_jetpack_newsletter_access":"","_jetpack_dont_email_post_to_subs":false,"_jetpack_newsletter_tier_id":0,"_jetpack_memberships_contains_paywalled_content":false,"_jetpack_memberships_contains_paid_content":false,"footnotes":"","jetpack_publicize_message":"","jetpack_publicize_feature_enabled":true,"jetpack_social_post_already_shared":true,"jetpack_social_options":{"image_generator_settings":{"template":"highway","default_image_id":0,"font":"","enabled":false},"version":2}},"categories":[2],"tags":[286,283,278,272,281,287,282,273,210,280,285,284,279,276,271,291,274,290,275,277,289,288],"class_list":["post-155","post","type-post","status-publish","format-standard","has-post-thumbnail","hentry","category-buergerinitiative-windkraft-mit-abstand","tag-13-auflage-2014","tag-283","tag-abwaegungsvorschlaege","tag-andreas-langenbah","tag-art-2-abs-2-satz-1-des-grundgesetz","tag-art-2-gg-rn-91-f","tag-bverfge-115","tag-deutscher-arbeitgeberverband","tag-flaechennutzungsplan","tag-grundgesetz","tag-grundgesetz-kommentar","tag-jarass-in-jarasspieroth","tag-ottweiler","tag-persoenliche-haftung","tag-prof-michael-elicker","tag-s-25-mitte","tag-schutzpflicht","tag-sr0022014-v-10-4-2014","tag-staat","tag-stadtratsmitgliedern","tag-unserioese-vorgehensweise","tag-windkraft-vorrangflaechen"],"jetpack_publicize_connections":[],"jetpack_featured_media_url":"https:\/\/i0.wp.com\/www.fronhoven.de\/wp-content\/uploads\/2015\/04\/Geldscheine.jpg?fit=793%2C562&ssl=1","jetpack_shortlink":"https:\/\/wp.me\/p65ifD-2v","jetpack_sharing_enabled":true,"_links":{"self":[{"href":"https:\/\/www.fronhoven.de\/index.php?rest_route=\/wp\/v2\/posts\/155","targetHints":{"allow":["GET"]}}],"collection":[{"href":"https:\/\/www.fronhoven.de\/index.php?rest_route=\/wp\/v2\/posts"}],"about":[{"href":"https:\/\/www.fronhoven.de\/index.php?rest_route=\/wp\/v2\/types\/post"}],"author":[{"embeddable":true,"href":"https:\/\/www.fronhoven.de\/index.php?rest_route=\/wp\/v2\/users\/1"}],"replies":[{"embeddable":true,"href":"https:\/\/www.fronhoven.de\/index.php?rest_route=%2Fwp%2Fv2%2Fcomments&post=155"}],"version-history":[{"count":4,"href":"https:\/\/www.fronhoven.de\/index.php?rest_route=\/wp\/v2\/posts\/155\/revisions"}],"predecessor-version":[{"id":160,"href":"https:\/\/www.fronhoven.de\/index.php?rest_route=\/wp\/v2\/posts\/155\/revisions\/160"}],"wp:featuredmedia":[{"embeddable":true,"href":"https:\/\/www.fronhoven.de\/index.php?rest_route=\/wp\/v2\/media\/157"}],"wp:attachment":[{"href":"https:\/\/www.fronhoven.de\/index.php?rest_route=%2Fwp%2Fv2%2Fmedia&parent=155"}],"wp:term":[{"taxonomy":"category","embeddable":true,"href":"https:\/\/www.fronhoven.de\/index.php?rest_route=%2Fwp%2Fv2%2Fcategories&post=155"},{"taxonomy":"post_tag","embeddable":true,"href":"https:\/\/www.fronhoven.de\/index.php?rest_route=%2Fwp%2Fv2%2Ftags&post=155"}],"curies":[{"name":"wp","href":"https:\/\/api.w.org\/{rel}","templated":true}]}}