{"id":180,"date":"2015-04-29T12:09:01","date_gmt":"2015-04-29T10:09:01","guid":{"rendered":"http:\/\/www.fronhoven.de\/?p=180"},"modified":"2015-04-29T12:09:01","modified_gmt":"2015-04-29T10:09:01","slug":"buergerinitiative-heistern-und-laufenburg-unterstuetzung-und-informationsaustausch","status":"publish","type":"post","link":"https:\/\/www.fronhoven.de\/?p=180","title":{"rendered":"B\u00fcrgerinitiative Heistern und Laufenburg &#8211; Unterst\u00fctzung und Informationsaustausch"},"content":{"rendered":"<p>Gestern Abend fand im Gasthof Rinkens ein langes und sehr konstruktives Treffen zwischen der <a href=\"https:\/\/www.facebook.com\/BIWindHeistern\" target=\"_blank\">B\u00fcrgerinitiative &#8222;F\u00fcr Windkraft mit Verstand und Augenma\u00df &#8211; Heistern&#8220;<\/a> vertreten von Hilarius Dre\u00dfen und der <a href=\"http:\/\/gegenwind.windpark-laufenburg.de\" target=\"_blank\">B\u00fcrgerinitiative Gegenwind Windpark-Laufenburg<\/a> vertreten von Ulrich Prinz statt. Wir von der B\u00fcrgerinitiative &#8222;Windkraft mit Abstand&#8220;, (anwesend waren Berthold Braun, Marcel Cuvelier, Heinz Rinken, Volker Schreck und Stefan Schnorr) erkl\u00e4rten den anderen Anwesenden unsere genaue Situation und die bisher erfolgten Schritte, um unsere Interessen zu verteidigen.<\/p>\n<p>Anschlie\u00dfend erz\u00e4hlten sowohl Herr Dre\u00dfen, wie auch Herr Prinz von Ihren Erfahrungen, wie die jeweiligen Verfahren in den anderen geplanten Gebieten verlaufen sind und versorgten uns mit hilfreichen Informationen. Daf\u00fcr an dieser Stelle nochmals recht herzlichen Dank.<\/p>\n<p>Die B\u00fcrgerinitiativen aus Heistern und Schevenh\u00fctte werden uns auch in Zukunft weiter unterst\u00fctzen!<\/p>\n","protected":false},"excerpt":{"rendered":"<p>Gestern Abend fand im Gasthof Rinkens ein langes und sehr konstruktives Treffen zwischen der B\u00fcrgerinitiative &#8222;F\u00fcr Windkraft mit Verstand und Augenma\u00df &#8211; Heistern&#8220; vertreten von Hilarius Dre\u00dfen und der B\u00fcrgerinitiative Gegenwind Windpark-Laufenburg vertreten von Ulrich Prinz statt. Wir von der B\u00fcrgerinitiative &#8222;Windkraft mit Abstand&#8220;, (anwesend waren Berthold Braun, Marcel Cuvelier, Heinz Rinken, Volker Schreck und [&hellip;]<\/p>\n","protected":false},"author":1,"featured_media":181,"comment_status":"open","ping_status":"closed","sticky":false,"template":"","format":"standard","meta":{"jetpack_post_was_ever_published":false,"_jetpack_newsletter_access":"","_jetpack_dont_email_post_to_subs":false,"_jetpack_newsletter_tier_id":0,"_jetpack_memberships_contains_paywalled_content":false,"_jetpack_memberships_contains_paid_content":false,"footnotes":"","jetpack_publicize_message":"","jetpack_publicize_feature_enabled":true,"jetpack_social_post_already_shared":true,"jetpack_social_options":{"image_generator_settings":{"template":"highway","default_image_id":0,"font":"","enabled":false},"version":2}},"categories":[2],"tags":[12,106,310,311,304,309,307,13,308,305,306,203,105],"class_list":["post-180","post","type-post","status-publish","format-standard","has-post-thumbnail","hentry","category-buergerinitiative-windkraft-mit-abstand","tag-berthold-braun","tag-buergerinitiative","tag-fuer-windkraft-mit-verstand-und-augenmass-heistern","tag-gegenwind-windpark-laufenburg","tag-heinz-rinken","tag-heistern","tag-hilarius-dressen","tag-marcel-cuvelier","tag-schevenhuette","tag-stefan-schnorr","tag-ulrich-prinz","tag-volker-schreck","tag-windkraft-mit-abstand"],"jetpack_publicize_connections":[],"jetpack_featured_media_url":"https:\/\/i0.wp.com\/www.fronhoven.de\/wp-content\/uploads\/2015\/04\/Handdruck.jpg?fit=929%2C576&ssl=1","jetpack_shortlink":"https:\/\/wp.me\/p65ifD-2U","jetpack_sharing_enabled":true,"_links":{"self":[{"href":"https:\/\/www.fronhoven.de\/index.php?rest_route=\/wp\/v2\/posts\/180","targetHints":{"allow":["GET"]}}],"collection":[{"href":"https:\/\/www.fronhoven.de\/index.php?rest_route=\/wp\/v2\/posts"}],"about":[{"href":"https:\/\/www.fronhoven.de\/index.php?rest_route=\/wp\/v2\/types\/post"}],"author":[{"embeddable":true,"href":"https:\/\/www.fronhoven.de\/index.php?rest_route=\/wp\/v2\/users\/1"}],"replies":[{"embeddable":true,"href":"https:\/\/www.fronhoven.de\/index.php?rest_route=%2Fwp%2Fv2%2Fcomments&post=180"}],"version-history":[{"count":1,"href":"https:\/\/www.fronhoven.de\/index.php?rest_route=\/wp\/v2\/posts\/180\/revisions"}],"predecessor-version":[{"id":182,"href":"https:\/\/www.fronhoven.de\/index.php?rest_route=\/wp\/v2\/posts\/180\/revisions\/182"}],"wp:featuredmedia":[{"embeddable":true,"href":"https:\/\/www.fronhoven.de\/index.php?rest_route=\/wp\/v2\/media\/181"}],"wp:attachment":[{"href":"https:\/\/www.fronhoven.de\/index.php?rest_route=%2Fwp%2Fv2%2Fmedia&parent=180"}],"wp:term":[{"taxonomy":"category","embeddable":true,"href":"https:\/\/www.fronhoven.de\/index.php?rest_route=%2Fwp%2Fv2%2Fcategories&post=180"},{"taxonomy":"post_tag","embeddable":true,"href":"https:\/\/www.fronhoven.de\/index.php?rest_route=%2Fwp%2Fv2%2Ftags&post=180"}],"curies":[{"name":"wp","href":"https:\/\/api.w.org\/{rel}","templated":true}]}}