{"id":184,"date":"2015-04-29T13:11:16","date_gmt":"2015-04-29T11:11:16","guid":{"rendered":"http:\/\/www.fronhoven.de\/?p=184"},"modified":"2015-04-29T14:05:42","modified_gmt":"2015-04-29T12:05:42","slug":"laerm-den-man-nicht-hoert-kann-man-sich-dieser-thematik-in-eschweiler-wirklich-verschliessen","status":"publish","type":"post","link":"https:\/\/www.fronhoven.de\/?p=184","title":{"rendered":"L\u00e4rm, den man nicht h\u00f6rt &#8211; Kann man sich dieser Thematik in Eschweiler wirklich verschlie\u00dfen?"},"content":{"rendered":"<p>Infraschall, L\u00e4rm den man nicht h\u00f6rt, kann man sich dem wirklich als Politiker (in Eschweiler) verschlie\u00dfen? Ein Land wie D\u00e4nemark, was f\u00fchrend bei der Nutzung von Windenergie ist und ca. 40 Prozent des Strombedarfs durch Windparks erzeugt, wird nicht &#8222;einfach so&#8220; den Ausbau weiterer Windenergieanlagen (WEA) aussetzen.<\/p>\n<p>Wollen die Politiker tats\u00e4chlich die Gefahr eingehen, das Anwohner krank werden, nur weil man nicht gen\u00fcgend Abstand zu den Wohngebieten eingehalten hat? W\u00fcrden diese Politiker genauso Ihr JA f\u00fcr die geplante \u00c4nderung des Fl\u00e4chennutzungsplanes stimmen, wenn Sie selber betroffen w\u00e4ren und DIREKT NEBEN den Anlagen wohnen w\u00fcrden? Wer von uns m\u00f6chte denn wirklich freiwillig mit bis zu 40 dB Schall kontinuierlich beschallt werden?<\/p>\n<p>Auch England hat erkannt, dass die Windkraftanlagen krank machen k\u00f6nnen und dar\u00fcber hinaus auch noch \u00fcber-subventioniert werden. Premierminister David Cameron hat die Haltung der schottischen Konservativen gegen Windparks unterst\u00fctzt.\u00a0 Bei einem Besuch in Schottland lobte Cameron die schottische Parteichefin Ruth Davidson f\u00fcr ihre Unterst\u00fctzung der Gemeinden, die gegen den Bau von Windr\u00e4dern opponieren.\u00a0 &#8222;Wir sollten nicht allen Gemeinden Windparks aufzwingen, die diese nicht wollen&#8220;, sagte Cameron.<\/p>\n<p>Nach einer ausf\u00fchrlichen Diskussion innerhalb des des Houses of Loards (englisches Parlament) wurden aus Sicherheitsgr\u00fcnden zur Vorbeugung m\u00f6glicher gesundheitlicher Sch\u00e4den die Abst\u00e4nde der Windkraftturbinen zum verbauten Gebiet wie folgt festgelegt:<\/p>\n<p>Wenn die H\u00f6he der Windenergieanlage<\/p>\n<ul>\n<li>gr\u00f6\u00dfer als 25m ist, aber 50m nicht \u00fcberschreitet, einen Abstand von &gt;1000m;<\/li>\n<li>gr\u00f6\u00dfer als 50m ist, aber 100m nicht \u00fcberschreitet, einen Abstand von &gt;1500m;<\/li>\n<li>gr\u00f6\u00dfer als 100m ist,\u00a0 aber 150m nicht \u00fcberschreitet, einen Abstand von\u00a0 &gt;2000m;<\/li>\n<li><strong>mehr als 150m ist, betr\u00e4gt der minimale Abstand 3000m.<\/strong><\/li>\n<\/ul>\n<p>England und D\u00e4nemark machen es: Sie nehmen die Belange der B\u00fcrger wahr und versuchen Gesundheitsgef\u00e4hrdungen auszuschlie\u00dfen. Wann ist man dazu auch in Escheiler bereit?<\/p>\n<h3>Quelle(n):<\/h3>\n<ul>\n<li><a href=\"http:\/\/www.tagesschau.de\/ausland\/windenergie-101.html\" target=\"_blank\">Tagesschau: D\u00e4nemark untersucht Gefahren durch Windkraft<\/a><\/li>\n<li><a href=\"http:\/\/www.windwahn.de\/index.php\/news\/allgemein\/glueckliches-england-auf-gutem-weg-aus-dem-windwahnsinn\" target=\"_blank\">windwahn.de: Gl\u00fcckliches England<\/a><\/li>\n<li><a href=\"http:\/\/gegenwind-starnberg.de\/2013\/04\/england-schutzt-seine-burger-besser\/\" target=\"_blank\">gegenwind-starnberg.de: England sch\u00fctzt seine B\u00fcrger besser!<\/a><\/li>\n<\/ul>\n","protected":false},"excerpt":{"rendered":"<p>Infraschall, L\u00e4rm den man nicht h\u00f6rt, kann man sich dem wirklich als Politiker (in Eschweiler) verschlie\u00dfen? Ein Land wie D\u00e4nemark, was f\u00fchrend bei der Nutzung von Windenergie ist und ca. 40 Prozent des Strombedarfs durch Windparks erzeugt, wird nicht &#8222;einfach so&#8220; den Ausbau weiterer Windenergieanlagen (WEA) aussetzen. Wollen die Politiker tats\u00e4chlich die Gefahr eingehen, das [&hellip;]<\/p>\n","protected":false},"author":1,"featured_media":187,"comment_status":"open","ping_status":"closed","sticky":false,"template":"","format":"standard","meta":{"jetpack_post_was_ever_published":false,"_jetpack_newsletter_access":"","_jetpack_dont_email_post_to_subs":false,"_jetpack_newsletter_tier_id":0,"_jetpack_memberships_contains_paywalled_content":false,"_jetpack_memberships_contains_paid_content":false,"footnotes":"","jetpack_publicize_message":"","jetpack_publicize_feature_enabled":true,"jetpack_social_post_already_shared":true,"jetpack_social_options":{"image_generator_settings":{"template":"highway","default_image_id":0,"font":"","enabled":false},"version":2}},"categories":[2],"tags":[314,315,316,312,74,324,134,317,313,320,210,319,15,318,325,322,6,321,323,43],"class_list":["post-184","post","type-post","status-publish","format-standard","has-post-thumbnail","hentry","category-buergerinitiative-windkraft-mit-abstand","tag-150m","tag-3000m","tag-3km-abstand","tag-40-db-schall","tag-abstand","tag-ausbau","tag-daenemark","tag-david-cameron","tag-england","tag-englisches-parlament","tag-flaechennutzungsplan","tag-houses-of-loards","tag-infraschall","tag-krank","tag-premierminister","tag-strombedarf","tag-wea","tag-windenergie","tag-windpark","tag-wohngebiete"],"jetpack_publicize_connections":[],"jetpack_featured_media_url":"https:\/\/i0.wp.com\/www.fronhoven.de\/wp-content\/uploads\/2015\/04\/Unbenannt.jpg?fit=995%2C336&ssl=1","jetpack_shortlink":"https:\/\/wp.me\/p65ifD-2Y","jetpack_sharing_enabled":true,"_links":{"self":[{"href":"https:\/\/www.fronhoven.de\/index.php?rest_route=\/wp\/v2\/posts\/184","targetHints":{"allow":["GET"]}}],"collection":[{"href":"https:\/\/www.fronhoven.de\/index.php?rest_route=\/wp\/v2\/posts"}],"about":[{"href":"https:\/\/www.fronhoven.de\/index.php?rest_route=\/wp\/v2\/types\/post"}],"author":[{"embeddable":true,"href":"https:\/\/www.fronhoven.de\/index.php?rest_route=\/wp\/v2\/users\/1"}],"replies":[{"embeddable":true,"href":"https:\/\/www.fronhoven.de\/index.php?rest_route=%2Fwp%2Fv2%2Fcomments&post=184"}],"version-history":[{"count":4,"href":"https:\/\/www.fronhoven.de\/index.php?rest_route=\/wp\/v2\/posts\/184\/revisions"}],"predecessor-version":[{"id":193,"href":"https:\/\/www.fronhoven.de\/index.php?rest_route=\/wp\/v2\/posts\/184\/revisions\/193"}],"wp:featuredmedia":[{"embeddable":true,"href":"https:\/\/www.fronhoven.de\/index.php?rest_route=\/wp\/v2\/media\/187"}],"wp:attachment":[{"href":"https:\/\/www.fronhoven.de\/index.php?rest_route=%2Fwp%2Fv2%2Fmedia&parent=184"}],"wp:term":[{"taxonomy":"category","embeddable":true,"href":"https:\/\/www.fronhoven.de\/index.php?rest_route=%2Fwp%2Fv2%2Fcategories&post=184"},{"taxonomy":"post_tag","embeddable":true,"href":"https:\/\/www.fronhoven.de\/index.php?rest_route=%2Fwp%2Fv2%2Ftags&post=184"}],"curies":[{"name":"wp","href":"https:\/\/api.w.org\/{rel}","templated":true}]}}