{"id":191,"date":"2015-04-30T14:26:48","date_gmt":"2015-04-30T12:26:48","guid":{"rendered":"http:\/\/www.fronhoven.de\/?p=191"},"modified":"2015-04-30T14:26:48","modified_gmt":"2015-04-30T12:26:48","slug":"die-piratenpartei-unterstuetzt-unsere-buergerinitiative","status":"publish","type":"post","link":"https:\/\/www.fronhoven.de\/?p=191","title":{"rendered":"Die Piratenpartei unterst\u00fctzt unsere B\u00fcrgerinitiative"},"content":{"rendered":"<p><a href=\"https:\/\/i0.wp.com\/www.fronhoven.de\/wp-content\/uploads\/2015\/04\/Logo_hintergrund_weiss_farbig_vorschlag.png?ssl=1\"><img data-recalc-dims=\"1\" loading=\"lazy\" decoding=\"async\" data-attachment-id=\"194\" data-permalink=\"https:\/\/www.fronhoven.de\/?attachment_id=194\" data-orig-file=\"https:\/\/i0.wp.com\/www.fronhoven.de\/wp-content\/uploads\/2015\/04\/Logo_hintergrund_weiss_farbig_vorschlag.png?fit=352%2C119&amp;ssl=1\" data-orig-size=\"352,119\" data-comments-opened=\"1\" data-image-meta=\"{&quot;aperture&quot;:&quot;0&quot;,&quot;credit&quot;:&quot;&quot;,&quot;camera&quot;:&quot;&quot;,&quot;caption&quot;:&quot;&quot;,&quot;created_timestamp&quot;:&quot;0&quot;,&quot;copyright&quot;:&quot;&quot;,&quot;focal_length&quot;:&quot;0&quot;,&quot;iso&quot;:&quot;0&quot;,&quot;shutter_speed&quot;:&quot;0&quot;,&quot;title&quot;:&quot;&quot;,&quot;orientation&quot;:&quot;0&quot;}\" data-image-title=\"Logo_hintergrund_weiss_farbig_vorschlag\" data-image-description=\"\" data-image-caption=\"\" data-large-file=\"https:\/\/i0.wp.com\/www.fronhoven.de\/wp-content\/uploads\/2015\/04\/Logo_hintergrund_weiss_farbig_vorschlag.png?fit=352%2C119&amp;ssl=1\" class=\"alignright size-medium wp-image-194\" src=\"https:\/\/i0.wp.com\/www.fronhoven.de\/wp-content\/uploads\/2015\/04\/Logo_hintergrund_weiss_farbig_vorschlag.png?resize=300%2C101&#038;ssl=1\" alt=\"Logo_hintergrund_weiss_farbig_vorschlag\" width=\"300\" height=\"101\" srcset=\"https:\/\/i0.wp.com\/www.fronhoven.de\/wp-content\/uploads\/2015\/04\/Logo_hintergrund_weiss_farbig_vorschlag.png?resize=300%2C101&amp;ssl=1 300w, https:\/\/i0.wp.com\/www.fronhoven.de\/wp-content\/uploads\/2015\/04\/Logo_hintergrund_weiss_farbig_vorschlag.png?w=352&amp;ssl=1 352w\" sizes=\"auto, (max-width: 300px) 100vw, 300px\" \/><\/a>Wir von der B\u00fcrgerinitiative haben zu jeder im Stadtrat vertretenen Partei Kontakt aufgenommen. Auch die Piratenpartei sicherte uns Ihre Unterst\u00fctzung zu:<\/p>\n<blockquote><p>&#8230;auch ich bin gegen eine Installation von Windkraftanlagen in<br \/>\nder N\u00e4he von Wohngebieten! Die &#8222;10-H-Regelung&#8220;, wie in Bayern<br \/>\nw\u00e4re m.E. in Ordnung. Die Aktion in D\u00e4nemark, die die Auswirkung<br \/>\ndes niederfrequenten Schalls auf Mensch und Tier untersucht,<br \/>\nist mir bekannt (der Aufbau neuer WKA wurde doch deswegen<br \/>\nzwischenzeitlich in D\u00e4nemark gestoppt?).<\/p>\n<p>Mit meiner Unterst\u00fctzung in diesem Fall k\u00f6nnen Sie rechnen.<\/p><\/blockquote>\n<p>Wir sagen Danke und hoffen auf weitere Unterst\u00fctzung der anderen Fraktionen.<\/p>\n","protected":false},"excerpt":{"rendered":"<p>Wir von der B\u00fcrgerinitiative haben zu jeder im Stadtrat vertretenen Partei Kontakt aufgenommen. Auch die Piratenpartei sicherte uns Ihre Unterst\u00fctzung zu: &#8230;auch ich bin gegen eine Installation von Windkraftanlagen in der N\u00e4he von Wohngebieten! Die &#8222;10-H-Regelung&#8220;, wie in Bayern w\u00e4re m.E. in Ordnung. Die Aktion in D\u00e4nemark, die die Auswirkung des niederfrequenten Schalls auf Mensch [&hellip;]<\/p>\n","protected":false},"author":1,"featured_media":0,"comment_status":"open","ping_status":"closed","sticky":false,"template":"","format":"standard","meta":{"jetpack_post_was_ever_published":false,"_jetpack_newsletter_access":"","_jetpack_dont_email_post_to_subs":false,"_jetpack_newsletter_tier_id":0,"_jetpack_memberships_contains_paywalled_content":false,"_jetpack_memberships_contains_paid_content":false,"footnotes":"","jetpack_publicize_message":"","jetpack_publicize_feature_enabled":true,"jetpack_social_post_already_shared":true,"jetpack_social_options":{"image_generator_settings":{"template":"highway","default_image_id":0,"font":"","enabled":false},"version":2}},"categories":[2],"tags":[326,327,106,134,334,332,329,39,328,333,335,330,212,5,331,43],"class_list":["post-191","post","type-post","status-publish","format-standard","hentry","category-buergerinitiative-windkraft-mit-abstand","tag-10-h-regelung","tag-bayern","tag-buergerinitiative","tag-daenemark","tag-die-piraten","tag-gestoppt","tag-mensch","tag-naehe","tag-niederfrequenten-schall","tag-piratenpartei","tag-rudi-e-lennartz","tag-tier","tag-unterstuetzung","tag-windkraftanlagen","tag-wka","tag-wohngebiete"],"jetpack_publicize_connections":[],"jetpack_featured_media_url":"","jetpack_shortlink":"https:\/\/wp.me\/p65ifD-35","jetpack_sharing_enabled":true,"_links":{"self":[{"href":"https:\/\/www.fronhoven.de\/index.php?rest_route=\/wp\/v2\/posts\/191","targetHints":{"allow":["GET"]}}],"collection":[{"href":"https:\/\/www.fronhoven.de\/index.php?rest_route=\/wp\/v2\/posts"}],"about":[{"href":"https:\/\/www.fronhoven.de\/index.php?rest_route=\/wp\/v2\/types\/post"}],"author":[{"embeddable":true,"href":"https:\/\/www.fronhoven.de\/index.php?rest_route=\/wp\/v2\/users\/1"}],"replies":[{"embeddable":true,"href":"https:\/\/www.fronhoven.de\/index.php?rest_route=%2Fwp%2Fv2%2Fcomments&post=191"}],"version-history":[{"count":3,"href":"https:\/\/www.fronhoven.de\/index.php?rest_route=\/wp\/v2\/posts\/191\/revisions"}],"predecessor-version":[{"id":196,"href":"https:\/\/www.fronhoven.de\/index.php?rest_route=\/wp\/v2\/posts\/191\/revisions\/196"}],"wp:attachment":[{"href":"https:\/\/www.fronhoven.de\/index.php?rest_route=%2Fwp%2Fv2%2Fmedia&parent=191"}],"wp:term":[{"taxonomy":"category","embeddable":true,"href":"https:\/\/www.fronhoven.de\/index.php?rest_route=%2Fwp%2Fv2%2Fcategories&post=191"},{"taxonomy":"post_tag","embeddable":true,"href":"https:\/\/www.fronhoven.de\/index.php?rest_route=%2Fwp%2Fv2%2Ftags&post=191"}],"curies":[{"name":"wp","href":"https:\/\/api.w.org\/{rel}","templated":true}]}}