{"id":199,"date":"2015-05-06T15:09:58","date_gmt":"2015-05-06T13:09:58","guid":{"rendered":"http:\/\/www.fronhoven.de\/?p=199"},"modified":"2015-05-06T15:09:58","modified_gmt":"2015-05-06T13:09:58","slug":"europa-wird-wach-wann-wird-auch-eschweiler-geweckt","status":"publish","type":"post","link":"https:\/\/www.fronhoven.de\/?p=199","title":{"rendered":"Europa wird wach. Wann wird auch Eschweiler geweckt?"},"content":{"rendered":"<p>Wenn in Deutschland der Wind zu stark weht, m\u00fcssen unseren Nachbarn z.B. \u00d6sterreich mit teuren und ineffizienten \u00d6lkraftwerken einspringen, um das deutsche Netz zu stabilisieren. Die Europ\u00e4ische Union fordert ein Umdenken.<\/p>\n<p>\u201eDie deutsche Energiewende steht kurz vor dem Scheitern.\u201c Mit diesen Worten kommentierte Wolfgang Anzengruber, Chef des gr\u00f6\u00dften \u00f6sterreichischen Stromkonzerns Verbund, bei einer Veranstaltung die Vorkommnisse des vergangenen Tages. Starkwind f\u00fchrte in Deutschland zu der skurrilen Situation, dass das vergleichsweise teure und ineffiziente \u00d6lkraftwerk Neudorf-Werndorf bei Graz ans Netz gehen musste, um das deutsche Netz zu stabilisieren, w\u00e4hrend moderne und effiziente deutsche Gaskraftwerke abgeschaltet wurden.<\/p>\n<p>Was war im Detail geschehen? Aufgrund des starken Windes in Norddeutschland gab es Windstromspitzen von bis zu 24.000 Megawatt. Die Preise an der Leipziger Stromb\u00f6rse fielen daher in den Keller. Dies f\u00fchrte wiederum zur automatischen Abschaltung von modernen und effizienten Gaskraftwerken in S\u00fcddeutschland, da sich diese aufgrund der niedrigen Preise nicht mehr rechneten.\u00a0 Wegen der fehlenden Netzkapazit\u00e4ten zwischen Nord- und S\u00fcddeutschland konnte der Windstrom aus dem Norden diese entstandene Energiel\u00fccke aber nicht auff\u00fcllen \u2013 das Netz drohte instabil zu werden. Um das zu verhindern, musste der deutsche Netzbetreiber Tennet die sogenannte \u201eKaltreserve\u201c abrufen. Dies sind vier \u00e4ltere Kraftwerke (drei davon in \u00d6sterreich), die f\u00fcr solche F\u00e4lle bereitgehalten werden.<\/p>\n<p>Im Fadenkreuz der Kritik steht einmal mehr Deutschland. Deutschland wollte mit massiven F\u00f6rderungen von \u00d6kostrom die Treibhausgasemissionen sofort senken. Das Resultat sieht mager aus: Da so viele \u00d6l- und Kohlekraftwerke einspringen m\u00fcssen, wenn der Wind in Deutschland zu schwach oder eben auch zu stark bl\u00e4st, stiegen die CO2-Emissionen des Landes 2012 um 1,2 Prozent an. \u201eDeutschland zahlt einen hohen Preis f\u00fcr nichts\u201c, sagt Rune Bjornson (norwegischen Statoil).\u00a0 \u201eMan hat vielleicht ein wenig \u00fcbertrieben bei der F\u00f6rderung der Erneuerbaren\u201c, sagt Philip Lowe, Generaldirektor f\u00fcr Energie in Br\u00fcssel zur \u201ePresse\u201c. Die Eingriffe der Staaten in den Energiemarkt sieht auch der Kommissionsvertreter als \u201eernste Gefahr\u201c f\u00fcr Europa. Es sei Zeit f\u00fcr ein Umdenken, Priorit\u00e4ten m\u00fcssten ge\u00e4ndert werden. \u201eWir m\u00fcssen zuerst schauen, dass wir leistbare Energie haben\u201c, so Lowe. Dann k\u00f6nne man sich um alles andere k\u00fcmmern.<\/p>\n<p><strong>Quelle bzw. gesamter Artikel:<\/strong> <a href=\"http:\/\/diepresse.com\/home\/wirtschaft\/international\/1338965\/Energiewende-erweckt-alte-Olkraftwerke-zum-Leben\" target=\"_blank\">die.presse.com &#8211; Artikel &#8222;Energiewende erweckt alte \u00d6lkraftwerke zum Leben&#8220;<\/a> (&#8222;Die Presse&#8220;, Print-Ausgabe, 31.01.2013)<\/p>\n","protected":false},"excerpt":{"rendered":"<p>Wenn in Deutschland der Wind zu stark weht, m\u00fcssen unseren Nachbarn z.B. \u00d6sterreich mit teuren und ineffizienten \u00d6lkraftwerken einspringen, um das deutsche Netz zu stabilisieren. Die Europ\u00e4ische Union fordert ein Umdenken. \u201eDie deutsche Energiewende steht kurz vor dem Scheitern.\u201c Mit diesen Worten kommentierte Wolfgang Anzengruber, Chef des gr\u00f6\u00dften \u00f6sterreichischen Stromkonzerns Verbund, bei einer Veranstaltung die [&hellip;]<\/p>\n","protected":false},"author":1,"featured_media":202,"comment_status":"open","ping_status":"closed","sticky":false,"template":"","format":"standard","meta":{"jetpack_post_was_ever_published":false,"_jetpack_newsletter_access":"","_jetpack_dont_email_post_to_subs":false,"_jetpack_newsletter_tier_id":0,"_jetpack_memberships_contains_paywalled_content":false,"_jetpack_memberships_contains_paid_content":false,"footnotes":"","jetpack_publicize_message":"","jetpack_publicize_feature_enabled":true,"jetpack_social_post_already_shared":true,"jetpack_social_options":{"image_generator_settings":{"template":"highway","default_image_id":0,"font":"","enabled":false},"version":2}},"categories":[2],"tags":[357,358,359,345,350,363,355,341,365,265,352,338,115,336,354,348,362,344,337,347,360,367,351,343,342,353,361,364,340,356,346,349,366,339],"class_list":["post-199","post","type-post","status-publish","format-standard","has-post-thumbnail","hentry","category-buergerinitiative-windkraft-mit-abstand","tag-357","tag-358","tag-359","tag-24-000-megawatt","tag-abschaltung","tag-bruessel","tag-co2-emissionen","tag-deutschland","tag-die-presse","tag-energie","tag-energieluecke","tag-energiewende","tag-eschweiler","tag-europa","tag-fadenkreuz","tag-gaskraftwerke","tag-generaldirektor","tag-graz","tag-kaltreserve","tag-keller","tag-lowe","tag-mager","tag-netzkapazitaet","tag-neudorf-werndorf","tag-olkraftwerk","tag-oesterreich","tag-philip-lowe","tag-presse","tag-starkwind","tag-statoil","tag-stromboerse","tag-sueddeutschland","tag-treibhausgasemissionen","tag-wolfgang-anzengruber"],"jetpack_publicize_connections":[],"jetpack_featured_media_url":"https:\/\/i0.wp.com\/www.fronhoven.de\/wp-content\/uploads\/2015\/05\/P1130469edited.jpg?fit=922%2C435&ssl=1","jetpack_shortlink":"https:\/\/wp.me\/p65ifD-3d","jetpack_sharing_enabled":true,"_links":{"self":[{"href":"https:\/\/www.fronhoven.de\/index.php?rest_route=\/wp\/v2\/posts\/199","targetHints":{"allow":["GET"]}}],"collection":[{"href":"https:\/\/www.fronhoven.de\/index.php?rest_route=\/wp\/v2\/posts"}],"about":[{"href":"https:\/\/www.fronhoven.de\/index.php?rest_route=\/wp\/v2\/types\/post"}],"author":[{"embeddable":true,"href":"https:\/\/www.fronhoven.de\/index.php?rest_route=\/wp\/v2\/users\/1"}],"replies":[{"embeddable":true,"href":"https:\/\/www.fronhoven.de\/index.php?rest_route=%2Fwp%2Fv2%2Fcomments&post=199"}],"version-history":[{"count":1,"href":"https:\/\/www.fronhoven.de\/index.php?rest_route=\/wp\/v2\/posts\/199\/revisions"}],"predecessor-version":[{"id":201,"href":"https:\/\/www.fronhoven.de\/index.php?rest_route=\/wp\/v2\/posts\/199\/revisions\/201"}],"wp:featuredmedia":[{"embeddable":true,"href":"https:\/\/www.fronhoven.de\/index.php?rest_route=\/wp\/v2\/media\/202"}],"wp:attachment":[{"href":"https:\/\/www.fronhoven.de\/index.php?rest_route=%2Fwp%2Fv2%2Fmedia&parent=199"}],"wp:term":[{"taxonomy":"category","embeddable":true,"href":"https:\/\/www.fronhoven.de\/index.php?rest_route=%2Fwp%2Fv2%2Fcategories&post=199"},{"taxonomy":"post_tag","embeddable":true,"href":"https:\/\/www.fronhoven.de\/index.php?rest_route=%2Fwp%2Fv2%2Ftags&post=199"}],"curies":[{"name":"wp","href":"https:\/\/api.w.org\/{rel}","templated":true}]}}