{"id":210,"date":"2015-05-12T12:37:01","date_gmt":"2015-05-12T10:37:01","guid":{"rendered":"http:\/\/www.fronhoven.de\/?p=210"},"modified":"2015-05-12T12:37:01","modified_gmt":"2015-05-12T10:37:01","slug":"treffen-mit-dem-landtagsabgeordneten-axel-wirtz","status":"publish","type":"post","link":"https:\/\/www.fronhoven.de\/?p=210","title":{"rendered":"Treffen mit dem Landtagsabgeordneten Axel Wirtz"},"content":{"rendered":"<p>An dem heutigen Abend hat sich die B\u00fcrgerinitiative (heute durch Heinz Rinkens, Berthold Braun, Stefan Schnorr, Max Rinkens und Marcel Cuvelier vertreten) mit dem CDU Landtagsabgeordneten <a href=\"http:\/\/www.axel-wirtz.de\/563-windkraft-verstaendnis-fuer-buergerwillen\" target=\"_blank\">Axel Wirtz<\/a> und den CDU Fraktionsmitgliedern Wilfried Berndt und Franz-Josef Auer zu einem konstruktiven Informationsaustausch getroffen. Herr Wirtz hatte f\u00fcr unsere Belange ein offenes Ohr und will uns nach-wie-vor so gut es geht unterst\u00fctzen. Er selber vertritt die selbe Meinung, wie die B\u00fcrgerinitiative:<\/p>\n<blockquote><p>Der Ort Fronhoven\/Neu-Lohn ist in der Vergangenheit durch die Belastungen der L 238 n, die sehr nahe am Ortskern vorbeif\u00fchrt und seit dem Bau der Tagebau-Randstra\u00dfe in Richtung Autobahnanschluss J\u00fclich-West noch viel st\u00e4rker befahren wird, der Deponie, dem Braunkohlekraftwerk, dem Tagebau selber und der M\u00fcllverbrennungsanlage gen\u00fcgend beeintr\u00e4chtig worden! Irgendwann muss es auch mal gut sein!<\/p><\/blockquote>\n<p>Auch die anwesenden CDU Fraktionsmitglieder werden uns uneingeschr\u00e4nkt unterst\u00fctzen und die Belange innerhalb der CDU Fraktion erl\u00e4utern. Sie teilen unserer Meinung, dass der Ort mehr als genug belastet ist.<\/p>\n<p>Wir bedanken uns hiermit an alle Beteiligte und freuen uns auf Ihre Unterst\u00fctzung!<\/p>\n","protected":false},"excerpt":{"rendered":"<p>An dem heutigen Abend hat sich die B\u00fcrgerinitiative (heute durch Heinz Rinkens, Berthold Braun, Stefan Schnorr, Max Rinkens und Marcel Cuvelier vertreten) mit dem CDU Landtagsabgeordneten Axel Wirtz und den CDU Fraktionsmitgliedern Wilfried Berndt und Franz-Josef Auer zu einem konstruktiven Informationsaustausch getroffen. Herr Wirtz hatte f\u00fcr unsere Belange ein offenes Ohr und will uns nach-wie-vor [&hellip;]<\/p>\n","protected":false},"author":1,"featured_media":213,"comment_status":"open","ping_status":"closed","sticky":false,"template":"","format":"standard","meta":{"jetpack_post_was_ever_published":false,"_jetpack_newsletter_access":"","_jetpack_dont_email_post_to_subs":false,"_jetpack_newsletter_tier_id":0,"_jetpack_memberships_contains_paywalled_content":false,"_jetpack_memberships_contains_paid_content":false,"footnotes":"","jetpack_publicize_message":"","jetpack_publicize_feature_enabled":true,"jetpack_social_post_already_shared":true,"jetpack_social_options":{"image_generator_settings":{"template":"highway","default_image_id":0,"font":"","enabled":false},"version":2}},"categories":[2],"tags":[88,407,404,12,409,87,96,411,406,113,9,11,118,403,410,13,405,10,108,305,408,116],"class_list":["post-210","post","type-post","status-publish","format-standard","has-post-thumbnail","hentry","category-buergerinitiative-windkraft-mit-abstand","tag-axel-wirtz","tag-belange","tag-bergerinitiative","tag-berthold-braun","tag-braunkohlekraftwerk","tag-cdu","tag-deponie","tag-fraktion","tag-fraktionsmitglieder","tag-franz-josef-auer","tag-fronhoven","tag-heinz-rinkens","tag-l238","tag-lantagsabgeordnete","tag-luellverbrennungsanlage","tag-marcel-cuvelier","tag-max-rinkens","tag-neu-lohn","tag-offenes-ohr","tag-stefan-schnorr","tag-tagebau","tag-wilfried-berndt"],"jetpack_publicize_connections":[],"jetpack_featured_media_url":"https:\/\/i0.wp.com\/www.fronhoven.de\/wp-content\/uploads\/2015\/05\/cdu-fahnen-Large.jpg?fit=1620%2C1080&ssl=1","jetpack_shortlink":"https:\/\/wp.me\/p65ifD-3o","jetpack_sharing_enabled":true,"_links":{"self":[{"href":"https:\/\/www.fronhoven.de\/index.php?rest_route=\/wp\/v2\/posts\/210","targetHints":{"allow":["GET"]}}],"collection":[{"href":"https:\/\/www.fronhoven.de\/index.php?rest_route=\/wp\/v2\/posts"}],"about":[{"href":"https:\/\/www.fronhoven.de\/index.php?rest_route=\/wp\/v2\/types\/post"}],"author":[{"embeddable":true,"href":"https:\/\/www.fronhoven.de\/index.php?rest_route=\/wp\/v2\/users\/1"}],"replies":[{"embeddable":true,"href":"https:\/\/www.fronhoven.de\/index.php?rest_route=%2Fwp%2Fv2%2Fcomments&post=210"}],"version-history":[{"count":2,"href":"https:\/\/www.fronhoven.de\/index.php?rest_route=\/wp\/v2\/posts\/210\/revisions"}],"predecessor-version":[{"id":212,"href":"https:\/\/www.fronhoven.de\/index.php?rest_route=\/wp\/v2\/posts\/210\/revisions\/212"}],"wp:featuredmedia":[{"embeddable":true,"href":"https:\/\/www.fronhoven.de\/index.php?rest_route=\/wp\/v2\/media\/213"}],"wp:attachment":[{"href":"https:\/\/www.fronhoven.de\/index.php?rest_route=%2Fwp%2Fv2%2Fmedia&parent=210"}],"wp:term":[{"taxonomy":"category","embeddable":true,"href":"https:\/\/www.fronhoven.de\/index.php?rest_route=%2Fwp%2Fv2%2Fcategories&post=210"},{"taxonomy":"post_tag","embeddable":true,"href":"https:\/\/www.fronhoven.de\/index.php?rest_route=%2Fwp%2Fv2%2Ftags&post=210"}],"curies":[{"name":"wp","href":"https:\/\/api.w.org\/{rel}","templated":true}]}}