{"id":221,"date":"2015-05-13T12:08:28","date_gmt":"2015-05-13T10:08:28","guid":{"rendered":"http:\/\/www.fronhoven.de\/?p=221"},"modified":"2015-05-13T14:53:59","modified_gmt":"2015-05-13T12:53:59","slug":"konstruktives-gespraech-mit-der-fdp-fraktion","status":"publish","type":"post","link":"https:\/\/www.fronhoven.de\/?p=221","title":{"rendered":"Konstruktives Gespr\u00e4ch mit der FDP-Fraktion"},"content":{"rendered":"<p>Am gestrigen Abend hat sich die B\u00fcrgerinitiative (vertreten durch Berthold Braun, Stefan Schnorr, Volker Schreck, Heinz Rinkens und Marcel Cuvelier) mit der Eschweiler FDP-Fraktion im Gasthof Rinkens zu einem sehr konstruktiven Gespr\u00e4ch getroffen. Von der FDP-Fraktion waren der <a href=\"http:\/\/www.fdp-eschweiler.de\/Unser+Team\/Christian+Braune\" target=\"_blank\">Stadtverbandsvorsitzender Christian Braune<\/a>, die <a href=\"http:\/\/www.fdp-eschweiler.de\/Unser+Team\/Petra+Prigge\" target=\"_blank\">stellvertretende Stadtverbandsvorsitzende Petra Prigge<\/a>, der <a href=\"http:\/\/www.fdp-eschweiler.de\/Unser+Team\/Konstantin+Theuer\" target=\"_blank\">stellvertretende Vorsitzende Konstantin Theuer<\/a> und <a href=\"http:\/\/www.fdp-eschweiler.de\/Unser+Team\/Stefan+Steins\" target=\"_blank\">Stefan Steins (Mitglied im Landesfachausschuss f\u00fcr Klimaschutz, Umwelt, Naturschutz, Landwirtschaft und Verbraucherschutz NRW)<\/a> anwesend.<\/p>\n<p>Die FDP unterst\u00fctzt nachdr\u00fccklich die 10-H-Regelung: Um Gesundheit und Eigentum zu sch\u00fctzen und die notwendige Akzeptanz f\u00fcr die Energiewende zu erhalten, will die FDP einen Mindestabstand der zehnfachen Anlagenh\u00f6he zur Wohnbebauung einf\u00fchren, wie in Bayern. Die B\u00fcrgerinnen und B\u00fcrger vor Ort sollen selbst entscheiden k\u00f6nnen, wie mit dem Ausbau der Windkraft und den m\u00f6glichen Folgen umgegangen wird.<\/p>\n<p>Im NRW Landtag hat die FDP bereits im vergangenen November einen entsprechenden Antrag (Drucksache 16\/7164) gestellt: <a href=\"http:\/\/www.landtag.nrw.de\/portal\/WWW\/dokumentenarchiv\/Dokument\/MMD16-7164.pdf\" target=\"_blank\">Sorgen der B\u00fcrgerinnen und B\u00fcrger beim Zubau der Windenergie ernst nehmen \u2013 Abstandsfl\u00e4chen zu Wohngebieten sicherstellen und Anwohner sch\u00fctzen<\/a><\/p>\n<p>Das aktuelle Vorgehen der Stadt Eschweiler wird weder den Lebensbed\u00fcrfnissen der Menschen, noch dem Natur- und Landschaftsschutz gerecht. In NRW, dem am dichtesten besiedelten Bundesland, wurden bereits \u00fcber 3.000 Windkraftanlagen errichtet. Damit haben hier im Landesinneren von Deutschland mehr installierte Leistung als das windreiche K\u00fcstenland Mecklenburg-Vorpommern.<\/p>\n<p>Die Einw\u00e4nde der B\u00fcrgerinnen und B\u00fcrger scheinen bei der weiteren Planung in keinster Weise ber\u00fccksichtigt worden zu sein.<\/p>\n<p>Die FDP sicherte uns Ihre volle Unterst\u00fctzung bei unserem Vorhaben zu. Wir bedanken uns nochmals f\u00fcr das konstruktive und sehr informative Gespr\u00e4ch und freuen uns auf die weitere Zusammenarbeit!<\/p>\n","protected":false},"excerpt":{"rendered":"<p>Am gestrigen Abend hat sich die B\u00fcrgerinitiative (vertreten durch Berthold Braun, Stefan Schnorr, Volker Schreck, Heinz Rinkens und Marcel Cuvelier) mit der Eschweiler FDP-Fraktion im Gasthof Rinkens zu einem sehr konstruktiven Gespr\u00e4ch getroffen. Von der FDP-Fraktion waren der Stadtverbandsvorsitzender Christian Braune, die stellvertretende Stadtverbandsvorsitzende Petra Prigge, der stellvertretende Vorsitzende Konstantin Theuer und Stefan Steins (Mitglied [&hellip;]<\/p>\n","protected":false},"author":1,"featured_media":226,"comment_status":"open","ping_status":"closed","sticky":false,"template":"","format":"standard","meta":{"jetpack_post_was_ever_published":false,"_jetpack_newsletter_access":"","_jetpack_dont_email_post_to_subs":false,"_jetpack_newsletter_tier_id":0,"_jetpack_memberships_contains_paywalled_content":false,"_jetpack_memberships_contains_paid_content":false,"footnotes":"","jetpack_publicize_message":"","jetpack_publicize_feature_enabled":true,"jetpack_social_post_already_shared":true,"jetpack_social_options":{"image_generator_settings":{"template":"highway","default_image_id":0,"font":"","enabled":false},"version":2}},"categories":[2],"tags":[326,420,424,417,98,12,416,419,427,338,412,434,411,430,11,414,425,418,439,421,13,426,422,437,423,300,128,413,428,431,268,305,415,436,433,435,438,432,212,203,321,5,43,429],"class_list":["post-221","post","type-post","status-publish","format-standard","has-post-thumbnail","hentry","category-buergerinitiative-windkraft-mit-abstand","tag-10-h-regelung","tag-420","tag-3-000","tag-antrag","tag-anwohner","tag-berthold-braun","tag-christian-braune","tag-drucksache","tag-einwaende","tag-energiewende","tag-fdp","tag-fdp-fraktionstadt-eschweiler","tag-fraktion","tag-fraktionsvertreter","tag-heinz-rinkens","tag-konstantin-theuer","tag-kuestenland","tag-landtag","tag-landwirtschaft-und-verbraucherschutz-der-fdp-nordrhein-westfalen","tag-lebensbeduerfnisse","tag-marcel-cuvelier","tag-mecklenburg-vorpommern","tag-menschen","tag-mitglied-im-landesfachausschuss-fuer-klimaschutz","tag-natur-und-landschaftsschutz","tag-naturschutz","tag-nrw","tag-petra-prigge","tag-planung","tag-planungs","tag-stadt-eschweiler","tag-stefan-schnorr","tag-stefan-steins","tag-stellvertreter","tag-stellvertreterin","tag-ulrich-goebbels","tag-umwelt","tag-umwelt-und-bauausschuss","tag-unterstuetzung","tag-volker-schreck","tag-windenergie","tag-windkraftanlagen","tag-wohngebiete","tag-zusammenarbeit"],"jetpack_publicize_connections":[],"jetpack_featured_media_url":"https:\/\/i0.wp.com\/www.fronhoven.de\/wp-content\/uploads\/2015\/05\/fdp-flaggen.jpg?fit=1024%2C681&ssl=1","jetpack_shortlink":"https:\/\/wp.me\/p65ifD-3z","jetpack_sharing_enabled":true,"_links":{"self":[{"href":"https:\/\/www.fronhoven.de\/index.php?rest_route=\/wp\/v2\/posts\/221","targetHints":{"allow":["GET"]}}],"collection":[{"href":"https:\/\/www.fronhoven.de\/index.php?rest_route=\/wp\/v2\/posts"}],"about":[{"href":"https:\/\/www.fronhoven.de\/index.php?rest_route=\/wp\/v2\/types\/post"}],"author":[{"embeddable":true,"href":"https:\/\/www.fronhoven.de\/index.php?rest_route=\/wp\/v2\/users\/1"}],"replies":[{"embeddable":true,"href":"https:\/\/www.fronhoven.de\/index.php?rest_route=%2Fwp%2Fv2%2Fcomments&post=221"}],"version-history":[{"count":8,"href":"https:\/\/www.fronhoven.de\/index.php?rest_route=\/wp\/v2\/posts\/221\/revisions"}],"predecessor-version":[{"id":230,"href":"https:\/\/www.fronhoven.de\/index.php?rest_route=\/wp\/v2\/posts\/221\/revisions\/230"}],"wp:featuredmedia":[{"embeddable":true,"href":"https:\/\/www.fronhoven.de\/index.php?rest_route=\/wp\/v2\/media\/226"}],"wp:attachment":[{"href":"https:\/\/www.fronhoven.de\/index.php?rest_route=%2Fwp%2Fv2%2Fmedia&parent=221"}],"wp:term":[{"taxonomy":"category","embeddable":true,"href":"https:\/\/www.fronhoven.de\/index.php?rest_route=%2Fwp%2Fv2%2Fcategories&post=221"},{"taxonomy":"post_tag","embeddable":true,"href":"https:\/\/www.fronhoven.de\/index.php?rest_route=%2Fwp%2Fv2%2Ftags&post=221"}],"curies":[{"name":"wp","href":"https:\/\/api.w.org\/{rel}","templated":true}]}}