{"id":232,"date":"2015-05-18T10:59:03","date_gmt":"2015-05-18T08:59:03","guid":{"rendered":"http:\/\/www.fronhoven.de\/?p=232"},"modified":"2015-05-18T10:59:03","modified_gmt":"2015-05-18T08:59:03","slug":"zweites-gespraech-mit-vertretern-von-rwe-bmr-cdu-spd-und-fdp","status":"publish","type":"post","link":"https:\/\/www.fronhoven.de\/?p=232","title":{"rendered":"Zweites Gespr\u00e4ch mit Vertretern von RWE, BMR, CDU, SPD und FDP"},"content":{"rendered":"<p>Am vergangenen Mittwoch Abend haben wir uns von der B\u00fcrgerinitiative (dieses Mal durch Berthold Braun, Heinz Rinkens, Volker Schreck und Marcel Cuvelier vertreten), wie am 22. April gemeinsam vereinbart, erneut zu einem konstruktiven Gespr\u00e4ch mit Vertretern der RWE Power AG (dieses mal durch Herrn Alois Herbst (RWE Bereichsleiter Immobilien) vertreten), der <a href=\"http:\/\/www.bmr-energy.com\/geschaeftsfuehrung.html\" target=\"_blank\">BMR energy solutions GmbH (Guido Beckers und Georg Melchers (Gesch\u00e4ftsf\u00fchrer))<\/a> und mit Mitgliedern der SPD- (Leo Gehlen und Claudia Moll), der FDP- (Frau Prigge) und CDU-Fraktion (Franz-Josef Auer, Wilfried Berndt und Thomas Graff) zu einem weiteren Gespr\u00e4ch getroffen.<\/p>\n<p>Moderiert wurde das Treffen wieder durch Franz-Josef Auer. Herr Melchers von der BMR energy solutions GmbH erl\u00e4uterte anhand der vorbereiteten Pr\u00e4sentation nochmals die verschiedenen ber\u00fccksichtigen Faktoren zur grunds\u00e4tzlichen Errichtung von Windkraftanlagen. Unter anderem wurden nochmals die Themen Standsicherheit (Anstand der einzelnen WEAs zu einander), Radarvertr\u00e4glichkeit, Richtfunkstrecken (welche in unserem Fall von Vodafone, eplus und Regionetz vorhanden sind) und Erschlie\u00dfungsanlagen (Zuwegung) beleuchtet.<\/p>\n<p>Anschlie\u00dfend wurde der B\u00fcrgerinitiative ein ge\u00e4nderter Bebauungsplan vorgelegt bzw. innerhalb der Pr\u00e4sentation entsprechend demonstriert. Einige Abst\u00e4nde der geplanten WEAs haben sich dadurch ge\u00e4ndert. Von den unspr\u00fcnglich elf geplanten WEAs sollen nun nur noch zehn WEAs realisiert werden. Fast alle WEAs wurden in Ihrer Position ver\u00e4ndert, um etwas mehr Abstand zu den Wohngebieten zu erhalten.<\/p>\n<h6><a href=\"https:\/\/www.flickr.com\/photos\/markusspiske\/\" target=\"_blank\">Foto von Markus Spiske<\/a><\/h6>\n","protected":false},"excerpt":{"rendered":"<p>Am vergangenen Mittwoch Abend haben wir uns von der B\u00fcrgerinitiative (dieses Mal durch Berthold Braun, Heinz Rinkens, Volker Schreck und Marcel Cuvelier vertreten), wie am 22. April gemeinsam vereinbart, erneut zu einem konstruktiven Gespr\u00e4ch mit Vertretern der RWE Power AG (dieses mal durch Herrn Alois Herbst (RWE Bereichsleiter Immobilien) vertreten), der BMR energy solutions GmbH [&hellip;]<\/p>\n","protected":false},"author":1,"featured_media":238,"comment_status":"open","ping_status":"closed","sticky":false,"template":"","format":"standard","meta":{"jetpack_post_was_ever_published":false,"_jetpack_newsletter_access":"","_jetpack_dont_email_post_to_subs":false,"_jetpack_newsletter_tier_id":0,"_jetpack_memberships_contains_paywalled_content":false,"_jetpack_memberships_contains_paid_content":false,"footnotes":"","jetpack_publicize_message":"","jetpack_publicize_feature_enabled":true,"jetpack_social_post_already_shared":true,"jetpack_social_options":{"image_generator_settings":{"template":"highway","default_image_id":0,"font":"","enabled":false},"version":2}},"categories":[2],"tags":[440,441,442,12,222,106,87,78,449,451,412,113,443,224,223,11,80,13,444,446,450,447,215,101,445,168,448,203,116,5,452],"class_list":["post-232","post","type-post","status-publish","format-standard","has-post-thumbnail","hentry","category-buergerinitiative-windkraft-mit-abstand","tag-22-april","tag-alois-herbst","tag-bereichsleiter-immobilien","tag-berthold-braun","tag-bmr-energy-solutions-gmbh","tag-buergerinitiative","tag-cdu","tag-claudia-moll","tag-eplud","tag-erschliessungsanlagen","tag-fdp","tag-franz-josef-auer","tag-frau-prigge","tag-georg-melchers","tag-guido-beckers","tag-heinz-rinkens","tag-leo-gehlen","tag-marcel-cuvelier","tag-praesentation","tag-radarvertraeglichkeit","tag-regionetz","tag-richtfunkstrecken","tag-rwe-power-ag","tag-spd","tag-standsicherheit","tag-thomas-graff","tag-vodafone","tag-volker-schreck","tag-wilfried-berndt","tag-windkraftanlagen","tag-zuwegung"],"jetpack_publicize_connections":[],"jetpack_featured_media_url":"https:\/\/i0.wp.com\/www.fronhoven.de\/wp-content\/uploads\/2015\/05\/14350165594_86176df4fb_z.jpg?fit=640%2C427&ssl=1","jetpack_shortlink":"https:\/\/wp.me\/p65ifD-3K","jetpack_sharing_enabled":true,"_links":{"self":[{"href":"https:\/\/www.fronhoven.de\/index.php?rest_route=\/wp\/v2\/posts\/232","targetHints":{"allow":["GET"]}}],"collection":[{"href":"https:\/\/www.fronhoven.de\/index.php?rest_route=\/wp\/v2\/posts"}],"about":[{"href":"https:\/\/www.fronhoven.de\/index.php?rest_route=\/wp\/v2\/types\/post"}],"author":[{"embeddable":true,"href":"https:\/\/www.fronhoven.de\/index.php?rest_route=\/wp\/v2\/users\/1"}],"replies":[{"embeddable":true,"href":"https:\/\/www.fronhoven.de\/index.php?rest_route=%2Fwp%2Fv2%2Fcomments&post=232"}],"version-history":[{"count":6,"href":"https:\/\/www.fronhoven.de\/index.php?rest_route=\/wp\/v2\/posts\/232\/revisions"}],"predecessor-version":[{"id":239,"href":"https:\/\/www.fronhoven.de\/index.php?rest_route=\/wp\/v2\/posts\/232\/revisions\/239"}],"wp:featuredmedia":[{"embeddable":true,"href":"https:\/\/www.fronhoven.de\/index.php?rest_route=\/wp\/v2\/media\/238"}],"wp:attachment":[{"href":"https:\/\/www.fronhoven.de\/index.php?rest_route=%2Fwp%2Fv2%2Fmedia&parent=232"}],"wp:term":[{"taxonomy":"category","embeddable":true,"href":"https:\/\/www.fronhoven.de\/index.php?rest_route=%2Fwp%2Fv2%2Fcategories&post=232"},{"taxonomy":"post_tag","embeddable":true,"href":"https:\/\/www.fronhoven.de\/index.php?rest_route=%2Fwp%2Fv2%2Ftags&post=232"}],"curies":[{"name":"wp","href":"https:\/\/api.w.org\/{rel}","templated":true}]}}