{"id":243,"date":"2015-05-20T12:13:59","date_gmt":"2015-05-20T10:13:59","guid":{"rendered":"http:\/\/www.fronhoven.de\/?p=243"},"modified":"2015-05-20T12:13:59","modified_gmt":"2015-05-20T10:13:59","slug":"konstruktives-gespraech-mit-dem-spd-landtagsabgeordneten-stefan-kaemmerling","status":"publish","type":"post","link":"https:\/\/www.fronhoven.de\/?p=243","title":{"rendered":"Konstruktives Gespr\u00e4ch mit dem SPD Landtagsabgeordneten Stefan K\u00e4mmerling"},"content":{"rendered":"<p>Am vergangenen Montagabend haben wir von der B\u00fcrgerinitiative &#8222;WIndkraft mit Abstand&#8220; uns in Eschweiler mit dem Landtagsabgeordneten der SPD <a href=\"http:\/\/stefankaemmerling.de\/\" target=\"_blank\">Stefan K\u00e4mmerling<\/a> und <a href=\"http:\/\/www.spd-eschweiler.de\/index.php?mod=content&amp;menu=80002&amp;page_id=12942\" target=\"_blank\">Oliver Liebchen<\/a> (Pressesprecher der SPD Eschweiler und Mitglied im Vorstand des SPD-Unterbezirks Kreis Aachen) zu einem sehr konstruktiven Gespr\u00e4ch getroffen. Beide Gespr\u00e4chspartner hatten sich gut auf unseren Besuch vorbereitet und entsprechend im Vorfeld informiert, was unsere B\u00fcrgerinitiative f\u00fcr ein Motiv hat.<\/p>\n<p>Herr K\u00e4mmerling und Herr Liebchen hatten ein offenes Ohr f\u00fcr unsere Belange. Unsere Argumentationen konnten nachvollzogen und auch (streckenweise) geteilt werden. Anhand den uns und dem Landtagabgeordneten vorliegenden Dokumenten und Pl\u00e4nen erl\u00e4uterten wir, warum die geplante \u00c4nderung des Fl\u00e4chennutzungsplanes aus unserer Sicht in der aktuellen Form in keinsterweise zu den Bed\u00fcrfnissen und \u00c4ngsten der B\u00fcrgerinnen und B\u00fcrger in Fronhoven\/Neu-Lohn passt.<\/p>\n<p>Herr K\u00e4mmerling erl\u00e4uterte uns das Pro und Kontra der geplanten WEAs. Au\u00dferdem wollte er nach unserem Gespr\u00e4ch ebenfalls das Gespr\u00e4ch mit der Eschweiler SPD suchen.<\/p>\n<p>Wir bedanken uns hiermit noch mals f\u00fcr das Engagement und hoffen auf Ihre Unterst\u00fctzung.<\/p>\n","protected":false},"excerpt":{"rendered":"<p>Am vergangenen Montagabend haben wir von der B\u00fcrgerinitiative &#8222;WIndkraft mit Abstand&#8220; uns in Eschweiler mit dem Landtagsabgeordneten der SPD Stefan K\u00e4mmerling und Oliver Liebchen (Pressesprecher der SPD Eschweiler und Mitglied im Vorstand des SPD-Unterbezirks Kreis Aachen) zu einem sehr konstruktiven Gespr\u00e4ch getroffen. Beide Gespr\u00e4chspartner hatten sich gut auf unseren Besuch vorbereitet und entsprechend im Vorfeld [&hellip;]<\/p>\n","protected":false},"author":1,"featured_media":247,"comment_status":"open","ping_status":"closed","sticky":false,"template":"","format":"standard","meta":{"jetpack_post_was_ever_published":false,"_jetpack_newsletter_access":"","_jetpack_dont_email_post_to_subs":false,"_jetpack_newsletter_tier_id":0,"_jetpack_memberships_contains_paywalled_content":false,"_jetpack_memberships_contains_paid_content":false,"footnotes":"","jetpack_publicize_message":"","jetpack_publicize_feature_enabled":true,"jetpack_social_post_already_shared":true,"jetpack_social_options":{"image_generator_settings":{"template":"highway","default_image_id":0,"font":"","enabled":false},"version":2}},"categories":[2],"tags":[465,459,464,407,466,12,41,106,461,469,115,463,9,226,11,458,457,455,13,460,10,108,453,462,456,467,101,454,203,6,468],"class_list":["post-243","post","type-post","status-publish","format-standard","has-post-thumbnail","hentry","category-buergerinitiative-windkraft-mit-abstand","tag-aengste","tag-argumentationen","tag-beduerfnisse","tag-belange","tag-bergerinnen","tag-berthold-braun","tag-buerger","tag-buergerinitiative","tag-dokumente","tag-engagement","tag-eschweiler","tag-flaechennutzungsplanes","tag-fronhoven","tag-gespraech","tag-heinz-rinkens","tag-konstruktiv","tag-kreis-aachen","tag-landtagsabgeordneter","tag-marcel-cuvelier","tag-motiv","tag-neu-lohn","tag-offenes-ohr","tag-oliver-liebchen","tag-plaene","tag-pressesprecher","tag-pro-und-kontra","tag-spd","tag-stefan-kaemmerling","tag-volker-schreck","tag-wea","tag-weas"],"jetpack_publicize_connections":[],"jetpack_featured_media_url":"https:\/\/i0.wp.com\/www.fronhoven.de\/wp-content\/uploads\/2015\/05\/599402_445959895448050_1925919497_n.jpg?fit=960%2C720&ssl=1","jetpack_shortlink":"https:\/\/wp.me\/p65ifD-3V","jetpack_sharing_enabled":true,"_links":{"self":[{"href":"https:\/\/www.fronhoven.de\/index.php?rest_route=\/wp\/v2\/posts\/243","targetHints":{"allow":["GET"]}}],"collection":[{"href":"https:\/\/www.fronhoven.de\/index.php?rest_route=\/wp\/v2\/posts"}],"about":[{"href":"https:\/\/www.fronhoven.de\/index.php?rest_route=\/wp\/v2\/types\/post"}],"author":[{"embeddable":true,"href":"https:\/\/www.fronhoven.de\/index.php?rest_route=\/wp\/v2\/users\/1"}],"replies":[{"embeddable":true,"href":"https:\/\/www.fronhoven.de\/index.php?rest_route=%2Fwp%2Fv2%2Fcomments&post=243"}],"version-history":[{"count":5,"href":"https:\/\/www.fronhoven.de\/index.php?rest_route=\/wp\/v2\/posts\/243\/revisions"}],"predecessor-version":[{"id":249,"href":"https:\/\/www.fronhoven.de\/index.php?rest_route=\/wp\/v2\/posts\/243\/revisions\/249"}],"wp:featuredmedia":[{"embeddable":true,"href":"https:\/\/www.fronhoven.de\/index.php?rest_route=\/wp\/v2\/media\/247"}],"wp:attachment":[{"href":"https:\/\/www.fronhoven.de\/index.php?rest_route=%2Fwp%2Fv2%2Fmedia&parent=243"}],"wp:term":[{"taxonomy":"category","embeddable":true,"href":"https:\/\/www.fronhoven.de\/index.php?rest_route=%2Fwp%2Fv2%2Fcategories&post=243"},{"taxonomy":"post_tag","embeddable":true,"href":"https:\/\/www.fronhoven.de\/index.php?rest_route=%2Fwp%2Fv2%2Ftags&post=243"}],"curies":[{"name":"wp","href":"https:\/\/api.w.org\/{rel}","templated":true}]}}