{"id":256,"date":"2015-05-22T12:07:16","date_gmt":"2015-05-22T10:07:16","guid":{"rendered":"http:\/\/www.fronhoven.de\/?p=256"},"modified":"2015-05-22T12:07:16","modified_gmt":"2015-05-22T10:07:16","slug":"brief-an-die-stadtratsmitglieder-und-mitglieder-des-planungs-umwelt-und-bauausschusses","status":"publish","type":"post","link":"https:\/\/www.fronhoven.de\/?p=256","title":{"rendered":"Brief an die Stadtratsmitglieder und Mitglieder des Planungs-, Umwelt- und Bauausschusses"},"content":{"rendered":"<p>In dieser Woche haben wir fast <a href=\"https:\/\/rat.eschweiler.de\/bi\/kp0041.php\" target=\"_blank\">alle Ratsmitglieder<\/a> und <a href=\"http:\/\/www.eschweiler.de\/city_info\/webaccessibility\/index.cfm?region_id=437&amp;waid=458&amp;item_id=863411&amp;link_id=213687622&amp;design_id=11081&amp;fsize=1&amp;contrast=0\" target=\"_blank\">Mitglieder des Planungs-, Umwelt- und Bauausschuss<\/a> per Briefpost \u00fcber unsere Belange und die uns vorliegenden Informationen bzgl. Windenergie informiert. Hier der Inhalt des Schreibens:<\/p>\n<blockquote><p><span style=\"color: #000080;\">Am 17.06.2015 soll die zweite \u00c4nderung des Fl\u00e4chennutzungsplans der Stadt Eschweiler verabschiedet werden. Dadurch werden zus\u00e4tzliche Konzentrationszonen f\u00fcr Windenergieanlagen (WEA) geschaffen. F\u00fcr die B\u00fcrgerinnen und B\u00fcrger in Eschweiler Nord, Ortsteil Fronhoven\/Neu-Lohn bedeutet dies zun\u00e4chst, dass insgesamt <u>elf<\/u> 206m hohe Windkraftanlagen auf einer Fl\u00e4che von 220 Hektar errichtet werden sollen, die unseren durch L\u00e4rm, Schmutz und Umsiedlung bereits stark vorbelasteten Ort (Braunkohletagebau Zukunft und Inden, die stark befahrene Landstra\u00dfe L238, die M\u00fcllverbrennungsanlage, die Aschedeponie, das Braunkohle-Kraftwerk von RWE Power etc.) noch mehr belasten w\u00fcrden.<\/span><\/p>\n<p><span style=\"color: #000080;\">Des Weiteren bef\u00fcrchten viele B\u00fcrgerinnen und B\u00fcrger unseres Ortes weitere negative Aspekte einer Windenergieanlage. Da sind neben dem Schattenwurf, dem Betriebsger\u00e4usch und der optischen Ver\u00e4nderung der Landschaft, der Wertverlust der Immobilien und vor allen Dingen die Gesundheitsgefahr durch Ultra- und Infraschall zu nennen. Das alles f\u00fchrt zu einem erheblicher Verlust der Lebensqualit\u00e4t in unserer Region!<\/span><\/p>\n<p><span style=\"color: #000080;\">Aus diesem Grund haben einige B\u00fcrger des Ortes Fronhoven und Neu-Lohns die B\u00fcrgerinitiative \u201eWindkraft mit Abstand\u201c gegr\u00fcndet. Unsere B\u00fcrgerinitiative hat mittlerweile \u00fcber 400 Unterschriften in kurzer Zeit\u00a0gesammelt\u00a0und fordert\u00a0damit\u00a0die Einhaltung von\u00a0einem\u00a0Mindestabstand von 2000 m zu unserem Ort bzw. zu den Wohngebieten.\u00a0 Dies entspricht auch\u00a0der Empfehlung\u00a0des Freistaates Bayern, die der sogenannten \u201e10-H-Regelung\u201c (10-fache H\u00f6he der WEAs) folgen.<\/span><\/p>\n<p><span style=\"color: #000080;\">Infraschall ist L\u00e4rm den man nicht h\u00f6rt. Kann man sich dem wirklich als Politiker (in Eschweiler) verschlie\u00dfen? Ein Land wie D\u00e4nemark, was f\u00fchrend bei der Nutzung von Windenergie ist und ca. 40 Prozent des gesamten Strombedarfs durch Windparks erzeugt, wird nicht \u201eeinfach so\u201c den Ausbau weiterer Windenergieanlagen aussetzen. Die Themen L\u00e4rm und Immissionen werden hierzulande v\u00f6llig unzureichend ber\u00fccksichtigt und untersucht. Mit keiner Silbe gew\u00fcrdigt werden z.B. die wichtigsten Erkenntnisse zum Infraschall, die bereits in der DIN 45680 zusammengefasst werden. Ebenfalls wird die \u201eMachbarkeitsstudie zur Wirkung von Infraschall\u201c (2014) nicht ber\u00fccksichtigt.<\/span><\/p>\n<p><span style=\"color: #000080;\">Wollen Sie als unsere gew\u00e4hlten Vertreter tats\u00e4chlich die Gefahr eingehen, dass Anwohner krank werden, nur weil man nicht gen\u00fcgend Abstand zu den Wohngebieten eingehalten hat? Warum nimmt man das in Kauf? Warum gef\u00e4hrdet man die eigenen B\u00fcrgerinnen und B\u00fcrger?<\/span><\/p>\n<p><span style=\"color: #000080;\">W\u00fcrden Sie als Politiker genauso Ihr JA f\u00fcr die geplante \u00c4nderung des Fl\u00e4chennutzungsplanes stimmen, wenn Sie selber betroffen w\u00e4ren und DIREKT NEBEN den Anlagen wohnen w\u00fcrden? Wer von uns m\u00f6chte denn wirklich freiwillig mit bis zu 40 dB Schall (kontinuierlich) beschallt werden?<\/span><\/p>\n<p><span style=\"color: #000080;\">Auch England hat erkannt, dass die Windkraftanlagen krank machen k\u00f6nnen und dar\u00fcber hinaus auch noch \u00fcber-subventioniert werden. Premierminister David Cameron hat die Haltung der schottischen Konservativen gegen Windparks unterst\u00fctzt.\u00a0 Bei einem Besuch in Schottland lobte Cameron die schottische Parteichefin Ruth Davidson f\u00fcr ihre Unterst\u00fctzung der Gemeinden, die gegen den Bau von Windr\u00e4dern opponieren.\u00a0 \u201cWir sollten nicht allen Gemeinden Windparks aufzwingen, die diese nicht wollen\u201d, sagte Cameron.<\/span><\/p>\n<p><span style=\"color: #000080;\">Nach einer ausf\u00fchrlichen Diskussion innerhalb des des Houses of Loards (englisches Parlament) wurden aus Sicherheitsgr\u00fcnden zur Vorbeugung m\u00f6glicher gesundheitlicher Sch\u00e4den die Abst\u00e4nde der Windkraftturbinen zum verbauten Gebiet wie folgt festgelegt:<\/span><\/p>\n<p><span style=\"color: #000080;\">Wenn die H\u00f6he der Windenergieanlage<\/span><\/p>\n<ul>\n<li><span style=\"color: #000080;\">gr\u00f6\u00dfer als 25m ist, aber 50m nicht \u00fcberschreitet, einen Abstand von &gt;1000m;<\/span><\/li>\n<li><span style=\"color: #000080;\">gr\u00f6\u00dfer als 50m ist, aber 100m nicht \u00fcberschreitet, einen Abstand von &gt;1500m;<\/span><\/li>\n<li><span style=\"color: #000080;\">gr\u00f6\u00dfer als 100m ist,\u00a0 aber 150m nicht \u00fcberschreitet, einen Abstand von\u00a0 &gt;2000m;<\/span><\/li>\n<li><span style=\"color: #000080;\">gr\u00f6\u00dfer als 150m ist, betr\u00e4gt der minimale Abstand 3000m.<\/span><\/li>\n<\/ul>\n<p><span style=\"color: #000080;\">Zahlreiche Mediziner und Wissenschaftler in Deutschland und auch weltweit untersuchen das Ph\u00e4nomen Infraschall durch Windkraftanlagen und warnen im zunehmenden Umfang vor den Gefahren durch Infraschall. Alle neueren Untersuchungen kommen zweifelsfrei zu dem Schluss, dass Infraschall eine bedeutsame gesundheitliche Gefahr darstellt. In Kanada, USA, England, Australien und weitere L\u00e4ndern betr\u00e4gt der Mindestabstand 2.000 Meter und teilweise sogar deutlich mehr. Dies zeigt auf, dass in Deutschland das Problem komplett von der Politik auf Druck der Wind-Lobby ignoriert wird.<\/span><\/p>\n<p><span style=\"color: #000080;\">England und D\u00e4nemark aber auch andere L\u00e4nder machen es &#8211; Sie nehmen die Belange ihrer B\u00fcrgerinnen und B\u00fcrger wahr und versuchen Gesundheitsgef\u00e4hrdungen auszuschlie\u00dfen. Wir hoffen, Sie sind in Eschweiler auch dazu bereit?<\/span><\/p>\n<p><span style=\"color: #000080;\">Ihr Auftrag als gew\u00e4hltes Ratsmitglied ergibt sich aus dem Art.2 Abs. 2 Satz 1 des Grundgesetzes. Der Staat hat die Pflicht, \u201edas Leben und die k\u00f6rperliche Unversehrtheit des Einzelnen zu sch\u00fctzen, d.h. vor allem auch vor rechtswidrigem Eingriffen von Seiten anderer zu bewahren\u201c. Die Verletzung dieser Schutzpflicht kann von allen Grundrechtstr\u00e4gern geltend gemacht werden.<\/span><\/p>\n<p><span style=\"color: #000080;\">L\u00e4sst die Kommune (die Ratsmitglieder) es zu, dass Gro\u00dfwindanlagen in einem v\u00f6llig unzureichenden Abstand zu menschlichen Wohnungen errichtet werden, wird der staatliche Schutzauftrag verletzt und die Kommune die Verantwortlichen) k\u00f6nnen in der Folge haftbar gemacht werden.<\/span><\/p>\n<p><span style=\"color: #000080;\">Wollen Sie das wirklich? Wir als B\u00fcrgerinitiative appellieren an Sie und Ihre Verantwortung \u201eIhren B\u00fcrgerinnen und B\u00fcrgern\u201c gegen\u00fcber und hoffen auf Ihre Unterst\u00fctzung bei der Abstimmung am 17.06.2016 im Rat der Stadt Eschweiler.<\/span><\/p>\n<p><span style=\"color: #000080;\"><strong><em>\u201eAlternative Energiegewinnung ist unsinnig, wenn sie genau das zerst\u00f6rt, was man eigentlich durch sie bewahren will: DIE NATUR.\u201c Reinhold Messner<\/em><\/strong><\/span><\/p><\/blockquote>\n<p>Wir hoffen auf diesem Weg alle politischen Ratsmitglieder des Eschweiler Stadtrats zu erreichen und jeden einzelnen vor der entsprechenden Abstimmung am kommenden Donnerstag \u00fcber die Fakten zu informieren. So kann im Nachhinein keine der angeschriebenen Personen behaupten, dass man von den ganzen Hintergrunddetails keine Kenntnis gehabt hat.<\/p>\n","protected":false},"excerpt":{"rendered":"<p>In dieser Woche haben wir fast alle Ratsmitglieder und Mitglieder des Planungs-, Umwelt- und Bauausschuss per Briefpost \u00fcber unsere Belange und die uns vorliegenden Informationen bzgl. Windenergie informiert. Hier der Inhalt des Schreibens: Am 17.06.2015 soll die zweite \u00c4nderung des Fl\u00e4chennutzungsplans der Stadt Eschweiler verabschiedet werden. Dadurch werden zus\u00e4tzliche Konzentrationszonen f\u00fcr Windenergieanlagen (WEA) geschaffen. F\u00fcr [&hellip;]<\/p>\n","protected":false},"author":1,"featured_media":260,"comment_status":"open","ping_status":"closed","sticky":false,"template":"","format":"standard","meta":{"jetpack_post_was_ever_published":false,"_jetpack_newsletter_access":"","_jetpack_dont_email_post_to_subs":false,"_jetpack_newsletter_tier_id":0,"_jetpack_memberships_contains_paywalled_content":false,"_jetpack_memberships_contains_paid_content":false,"footnotes":"","jetpack_publicize_message":"","jetpack_publicize_feature_enabled":true,"jetpack_social_post_already_shared":true,"jetpack_social_options":{"image_generator_settings":{"template":"highway","default_image_id":0,"font":"","enabled":false},"version":2}},"categories":[2],"tags":[475,470,115,477,476,471,431,472,474,473,432],"class_list":["post-256","post","type-post","status-publish","format-standard","has-post-thumbnail","hentry","category-buergerinitiative-windkraft-mit-abstand","tag-anschreiben","tag-brief","tag-eschweiler","tag-flaechennutzungsplans","tag-information","tag-mitglieder","tag-planungs","tag-rat","tag-schreiben","tag-stadtrat","tag-umwelt-und-bauausschuss"],"jetpack_publicize_connections":[],"jetpack_featured_media_url":"https:\/\/i0.wp.com\/www.fronhoven.de\/wp-content\/uploads\/2015\/05\/Brief-an-Ratsmitglieder.jpg?fit=1651%2C848&ssl=1","jetpack_shortlink":"https:\/\/wp.me\/p65ifD-48","jetpack_sharing_enabled":true,"_links":{"self":[{"href":"https:\/\/www.fronhoven.de\/index.php?rest_route=\/wp\/v2\/posts\/256","targetHints":{"allow":["GET"]}}],"collection":[{"href":"https:\/\/www.fronhoven.de\/index.php?rest_route=\/wp\/v2\/posts"}],"about":[{"href":"https:\/\/www.fronhoven.de\/index.php?rest_route=\/wp\/v2\/types\/post"}],"author":[{"embeddable":true,"href":"https:\/\/www.fronhoven.de\/index.php?rest_route=\/wp\/v2\/users\/1"}],"replies":[{"embeddable":true,"href":"https:\/\/www.fronhoven.de\/index.php?rest_route=%2Fwp%2Fv2%2Fcomments&post=256"}],"version-history":[{"count":5,"href":"https:\/\/www.fronhoven.de\/index.php?rest_route=\/wp\/v2\/posts\/256\/revisions"}],"predecessor-version":[{"id":262,"href":"https:\/\/www.fronhoven.de\/index.php?rest_route=\/wp\/v2\/posts\/256\/revisions\/262"}],"wp:featuredmedia":[{"embeddable":true,"href":"https:\/\/www.fronhoven.de\/index.php?rest_route=\/wp\/v2\/media\/260"}],"wp:attachment":[{"href":"https:\/\/www.fronhoven.de\/index.php?rest_route=%2Fwp%2Fv2%2Fmedia&parent=256"}],"wp:term":[{"taxonomy":"category","embeddable":true,"href":"https:\/\/www.fronhoven.de\/index.php?rest_route=%2Fwp%2Fv2%2Fcategories&post=256"},{"taxonomy":"post_tag","embeddable":true,"href":"https:\/\/www.fronhoven.de\/index.php?rest_route=%2Fwp%2Fv2%2Ftags&post=256"}],"curies":[{"name":"wp","href":"https:\/\/api.w.org\/{rel}","templated":true}]}}