{"id":269,"date":"2015-05-26T23:00:08","date_gmt":"2015-05-26T21:00:08","guid":{"rendered":"http:\/\/www.fronhoven.de\/?p=269"},"modified":"2015-06-08T12:07:35","modified_gmt":"2015-06-08T10:07:35","slug":"treffen-mit-der-spd-fraktion","status":"publish","type":"post","link":"https:\/\/www.fronhoven.de\/?p=269","title":{"rendered":"Treffen mit der SPD-Fraktion"},"content":{"rendered":"<p>Am 26. Mai hat sich die B\u00fcrgerinitiative (vertreten durch Berthold Braun, Max Rinkens, Volker Schreck und Marcel Cuvelier) mit den Mitgliedern der SPD-Fraktion Nadine Leonhardt (Fraktionsvorsitzende), Stephan L\u00f6hmann (stellvertretender SPD-Fraktionsvorsitzender), Peter Kendziora und Klaus Fehr im Rathaus zu einem Gespr\u00e4ch getroffen.<\/p>\n<p>Frau Leonhardt erl\u00e4uterte, warum sich die SPD-Fraktion f\u00fcr Windkraft einsetzt. Eine Hauptargumentation der SPD ist, dass sich Eschweiler bisher sehr bei dem Ausbau der Windenergie zur\u00fcckgehalten habe. Deswegen plane man die <span style=\"text-decoration: underline;\">beiden weiteren<\/span> Zonen. Au\u00dferdem w\u00e4ren die zus\u00e4tzlichen WEA&#8217;s ein Zugewinn an Energie und nat\u00fcrlich auch f\u00fcr die Stadt aus finanzieller Sicht sehr attraktiv (u.a. Gewerbesteuer).<\/p>\n<p>Sie stellte innerhalb der angeregten Diskussion zwischen der B\u00fcrgerinitiative und der SPD-Fraktion immer die G\u00fcteabwegung dem Nutzen der Allgemeinheit gegen\u00fcber.<\/p>\n<p>Wir diskutierten \u00fcber das ecoda Gutachten und Gutachten im Allgemeinen. Au\u00dferdem stellte uns Herr L\u00f6hmann die Abw\u00e4gung bzgl. Infraschalls des Verwaltungsgericht W\u00fcrzburg vor.<\/p>\n<p>Nichts desto trotz konnten wir dem Res\u00fcmee der SPD entnehmen, dass man zwar unsere Bef\u00fcrchtungen versteht, dass man speziell auf das Thema &#8222;Sicherheit&#8220; bezogen auf die knappen Mindestabst\u00e4nde zur Wohnbebauung, die durch die Stadt Eschweiler <strong>GRUNDS\u00c4TZLICH auf NUR 600 Meter definiert<\/strong> wurden, nochmal &#8217;schauen&#8216; m\u00f6chte, aber dass die \u00c4nderung des Fl\u00e4chennutzungsplanes wohl <span style=\"text-decoration: underline;\">SO WIE ER IST<\/span>, durch den Rat &#8218;winken&#8216; wird. Hier wird also mit hoher Wahrscheinlichkeit am 28.05.2015 keine \u00c4nderung mehr erfolgen! Lediglich bzw. ggf. versucht man im Nachgang noch im B-Plan (Bebauungsplan) ein paar Einschr\u00e4nkungen zu erwirken, aber grunds\u00e4tzlich wird es dann schon den Fl\u00e4chennutzungsplan geben, der prinzipiell WEA in einem Abstand von 600 Meter zur Wohnbebauung zul\u00e4sst!<\/p>\n<p>Auf unser Bitten, dass die Konzentrationszonen 3 und 4 aus dem Fl\u00e4chennutzungsplan gestrichen werden, um somit den Abstand im Vorfeld klar zu definieren, wurde leider nicht eingegangen!<\/p>\n","protected":false},"excerpt":{"rendered":"<p>Am 26. Mai hat sich die B\u00fcrgerinitiative (vertreten durch Berthold Braun, Max Rinkens, Volker Schreck und Marcel Cuvelier) mit den Mitgliedern der SPD-Fraktion Nadine Leonhardt (Fraktionsvorsitzende), Stephan L\u00f6hmann (stellvertretender SPD-Fraktionsvorsitzender), Peter Kendziora und Klaus Fehr im Rathaus zu einem Gespr\u00e4ch getroffen. Frau Leonhardt erl\u00e4uterte, warum sich die SPD-Fraktion f\u00fcr Windkraft einsetzt. Eine Hauptargumentation der SPD [&hellip;]<\/p>\n","protected":false},"author":1,"featured_media":272,"comment_status":"open","ping_status":"closed","sticky":false,"template":"","format":"standard","meta":{"jetpack_post_was_ever_published":false,"_jetpack_newsletter_access":"","_jetpack_dont_email_post_to_subs":false,"_jetpack_newsletter_tier_id":0,"_jetpack_memberships_contains_paywalled_content":false,"_jetpack_memberships_contains_paid_content":false,"footnotes":"","jetpack_publicize_message":"","jetpack_publicize_feature_enabled":true,"jetpack_social_post_already_shared":true,"jetpack_social_options":{"image_generator_settings":{"template":"highway","default_image_id":0,"font":"","enabled":false},"version":2}},"categories":[1],"tags":[479,503,259,501,74,494,502,504,505,497,12,106,490,493,506,115,210,482,489,61,491,486,507,13,405,499,480,481,492,485,472,197,496,498,484,483,495,203,6,468,321,3,500,487,488],"class_list":["post-269","post","type-post","status-publish","format-standard","has-post-thumbnail","hentry","category-allgemein","tag-26-mai","tag-28-05-2015","tag-3-und-4","tag-600-meter","tag-abstand","tag-abwaegung-bzgl-infraschalls","tag-aenderung-des-flaechennutzungsplanes","tag-b-plan","tag-bebauungsplan","tag-befuerchtungen","tag-berthold-braun","tag-buergerinitiative","tag-diskussion","tag-ecoda","tag-einschraenkungen","tag-eschweiler","tag-flaechennutzungsplan","tag-fraktionsvorsitzende","tag-gewerbesteuer","tag-gutachten","tag-gueteabwegung","tag-klaus-fehr","tag-konzentrationszonen","tag-marcel-cuvelier","tag-max-rinkens","tag-mindestabstaende","tag-mitgliedern-der-spd-fraktion","tag-nadine-leonhardt","tag-nutzen-der-allgemeinheit","tag-peter-kendziora","tag-rat","tag-rathaus","tag-resuemee","tag-sicherheit","tag-stellvertretender-spd-fraktionsvorsitzender","tag-stephan-loehmann","tag-verwaltungsgericht-wuerzburg","tag-volker-schreck","tag-wea","tag-weas","tag-windenergie","tag-windkraft","tag-wohnbebauung","tag-zonen","tag-zugewinn-an-energie"],"jetpack_publicize_connections":[],"jetpack_featured_media_url":"https:\/\/i0.wp.com\/www.fronhoven.de\/wp-content\/uploads\/2015\/06\/SPD-logo.jpg?fit=157%2C122&ssl=1","jetpack_shortlink":"https:\/\/wp.me\/p65ifD-4l","jetpack_sharing_enabled":true,"_links":{"self":[{"href":"https:\/\/www.fronhoven.de\/index.php?rest_route=\/wp\/v2\/posts\/269","targetHints":{"allow":["GET"]}}],"collection":[{"href":"https:\/\/www.fronhoven.de\/index.php?rest_route=\/wp\/v2\/posts"}],"about":[{"href":"https:\/\/www.fronhoven.de\/index.php?rest_route=\/wp\/v2\/types\/post"}],"author":[{"embeddable":true,"href":"https:\/\/www.fronhoven.de\/index.php?rest_route=\/wp\/v2\/users\/1"}],"replies":[{"embeddable":true,"href":"https:\/\/www.fronhoven.de\/index.php?rest_route=%2Fwp%2Fv2%2Fcomments&post=269"}],"version-history":[{"count":2,"href":"https:\/\/www.fronhoven.de\/index.php?rest_route=\/wp\/v2\/posts\/269\/revisions"}],"predecessor-version":[{"id":271,"href":"https:\/\/www.fronhoven.de\/index.php?rest_route=\/wp\/v2\/posts\/269\/revisions\/271"}],"wp:featuredmedia":[{"embeddable":true,"href":"https:\/\/www.fronhoven.de\/index.php?rest_route=\/wp\/v2\/media\/272"}],"wp:attachment":[{"href":"https:\/\/www.fronhoven.de\/index.php?rest_route=%2Fwp%2Fv2%2Fmedia&parent=269"}],"wp:term":[{"taxonomy":"category","embeddable":true,"href":"https:\/\/www.fronhoven.de\/index.php?rest_route=%2Fwp%2Fv2%2Fcategories&post=269"},{"taxonomy":"post_tag","embeddable":true,"href":"https:\/\/www.fronhoven.de\/index.php?rest_route=%2Fwp%2Fv2%2Ftags&post=269"}],"curies":[{"name":"wp","href":"https:\/\/api.w.org\/{rel}","templated":true}]}}