{"id":274,"date":"2015-05-26T23:59:10","date_gmt":"2015-05-26T21:59:10","guid":{"rendered":"http:\/\/www.fronhoven.de\/?p=274"},"modified":"2015-06-08T13:25:51","modified_gmt":"2015-06-08T11:25:51","slug":"gespraech-mit-dem-buergermeister-rudi-bertram","status":"publish","type":"post","link":"https:\/\/www.fronhoven.de\/?p=274","title":{"rendered":"Gespr\u00e4ch mit dem B\u00fcrgermeister Rudi Bertram"},"content":{"rendered":"<p>Nach dem Gespr\u00e4ch mit der SPD Fraktion trafen wir uns am noch mit dem B\u00fcrgermeister der Stadt Eschweiler Rudi Bertram und dem technischen Beigeordneter Hermann G\u00f6dde. Verst\u00e4rkt wurde die B\u00fcrgerinitiative zus\u00e4tzlich noch durch Stefan Schnorr.<\/p>\n<p>Nach einer kurzen Vorstellung erl\u00e4uterte uns der B\u00fcrgermeister, dass die \u00c4nderung des Fl\u00e4chennutzungsplanes mittlerweile ein Ihn seit zwei Jahren begleitender Prozess sei.<\/p>\n<p>Interessant war u.a. w\u00e4hrend des Gespr\u00e4ches die Information, dass man sich explizit im Vorfeld im Rat zum Ausschluss der Fl\u00e4che an der Ged\u00e4chtnisskapelle entschieden habe &#8211; aus Denkmalschutzgr\u00fcnden. WEA&#8217;s in waldarmen St\u00e4dten sollen mittlerweile nicht mehr zul\u00e4ssig sein. Finanziell sollen die Windkraftanlagen deswegen attraktiv sein, da man mit Gewerbesteuern und Pachteinnahmen f\u00fcr Wegerechte rechnet.<\/p>\n<p>Auch der B\u00fcrgermeister und der technische Beigeordnete gehen davon aus, dass die \u00c4nderung des Fl\u00e4chennutzungsplans so wie er derzeit ist ohne \u00c4nderung durch den Rat geht. Man versuche jedoch durch eine St\u00e4dtebauliche Begr\u00fcndung \/ Auflage die Bebauung in den Konzentrationszonen zum Gunsten der B\u00fcrgerinnen und B\u00fcrger einzuschr\u00e4nken. Bis zur kommenden Sitzung des Planungs-, Umwelt- und Bauausschusses kann ggf. schon ein erster Entwurf verf\u00fcgbar sein.<\/p>\n","protected":false},"excerpt":{"rendered":"<p>Nach dem Gespr\u00e4ch mit der SPD Fraktion trafen wir uns am noch mit dem B\u00fcrgermeister der Stadt Eschweiler Rudi Bertram und dem technischen Beigeordneter Hermann G\u00f6dde. Verst\u00e4rkt wurde die B\u00fcrgerinitiative zus\u00e4tzlich noch durch Stefan Schnorr. Nach einer kurzen Vorstellung erl\u00e4uterte uns der B\u00fcrgermeister, dass die \u00c4nderung des Fl\u00e4chennutzungsplanes mittlerweile ein Ihn seit zwei Jahren begleitender [&hellip;]<\/p>\n","protected":false},"author":1,"featured_media":275,"comment_status":"open","ping_status":"closed","sticky":false,"template":"","format":"standard","meta":{"jetpack_post_was_ever_published":false,"_jetpack_newsletter_access":"","_jetpack_dont_email_post_to_subs":false,"_jetpack_newsletter_tier_id":0,"_jetpack_memberships_contains_paywalled_content":false,"_jetpack_memberships_contains_paid_content":false,"footnotes":"","jetpack_publicize_message":"","jetpack_publicize_feature_enabled":true,"jetpack_social_post_already_shared":true,"jetpack_social_options":{"image_generator_settings":{"template":"highway","default_image_id":0,"font":"","enabled":false},"version":2}},"categories":[2],"tags":[520,41,521,508,514,513,522,512,516,511,507,517,431,509,523,519,510,524,515,6,468,518,5],"class_list":["post-274","post","type-post","status-publish","format-standard","has-post-thumbnail","hentry","category-buergerinitiative-windkraft-mit-abstand","tag-auflage","tag-buerger","tag-buergerinnen","tag-buergermeister","tag-denkmalschutz","tag-denkmalschutzgruende","tag-entwurf","tag-gedaechtniskapelle","tag-gewerbesteuern","tag-hermann-goedde-stefan-schnorr","tag-konzentrationszonen","tag-pachteinnahmen","tag-planungs","tag-rudi-bertram","tag-sitzung","tag-staedtebauliche-begruendung","tag-technischen-beigeordneter","tag-umwelt-und-bauausschusses","tag-waldrame-staedte","tag-wea","tag-weas","tag-wegerecht","tag-windkraftanlagen"],"jetpack_publicize_connections":[],"jetpack_featured_media_url":"https:\/\/i0.wp.com\/www.fronhoven.de\/wp-content\/uploads\/2015\/06\/f1509eab8599148f67ac4dcf29eb0903.jpg?fit=1200%2C801&ssl=1","jetpack_shortlink":"https:\/\/wp.me\/p65ifD-4q","jetpack_sharing_enabled":true,"_links":{"self":[{"href":"https:\/\/www.fronhoven.de\/index.php?rest_route=\/wp\/v2\/posts\/274","targetHints":{"allow":["GET"]}}],"collection":[{"href":"https:\/\/www.fronhoven.de\/index.php?rest_route=\/wp\/v2\/posts"}],"about":[{"href":"https:\/\/www.fronhoven.de\/index.php?rest_route=\/wp\/v2\/types\/post"}],"author":[{"embeddable":true,"href":"https:\/\/www.fronhoven.de\/index.php?rest_route=\/wp\/v2\/users\/1"}],"replies":[{"embeddable":true,"href":"https:\/\/www.fronhoven.de\/index.php?rest_route=%2Fwp%2Fv2%2Fcomments&post=274"}],"version-history":[{"count":1,"href":"https:\/\/www.fronhoven.de\/index.php?rest_route=\/wp\/v2\/posts\/274\/revisions"}],"predecessor-version":[{"id":276,"href":"https:\/\/www.fronhoven.de\/index.php?rest_route=\/wp\/v2\/posts\/274\/revisions\/276"}],"wp:featuredmedia":[{"embeddable":true,"href":"https:\/\/www.fronhoven.de\/index.php?rest_route=\/wp\/v2\/media\/275"}],"wp:attachment":[{"href":"https:\/\/www.fronhoven.de\/index.php?rest_route=%2Fwp%2Fv2%2Fmedia&parent=274"}],"wp:term":[{"taxonomy":"category","embeddable":true,"href":"https:\/\/www.fronhoven.de\/index.php?rest_route=%2Fwp%2Fv2%2Fcategories&post=274"},{"taxonomy":"post_tag","embeddable":true,"href":"https:\/\/www.fronhoven.de\/index.php?rest_route=%2Fwp%2Fv2%2Ftags&post=274"}],"curies":[{"name":"wp","href":"https:\/\/api.w.org\/{rel}","templated":true}]}}