{"id":289,"date":"2015-05-28T23:00:54","date_gmt":"2015-05-28T21:00:54","guid":{"rendered":"http:\/\/www.fronhoven.de\/?p=289"},"modified":"2015-06-09T10:00:00","modified_gmt":"2015-06-09T08:00:00","slug":"sitzung-des-planungs-umwelt-und-bauausschusses","status":"publish","type":"post","link":"https:\/\/www.fronhoven.de\/?p=289","title":{"rendered":"Sitzung des Planungs-, Umwelt- und Bauausschusses"},"content":{"rendered":"<p>Am 28. Mai 2015 fand die lang erwartete \u00f6ffentliche Sitzung des Planungs-, Umwelt- und Bauausschusses statt. Aus Fronhoven und Neu-Lohn waren zahlreiche B\u00fcrgerinnen und B\u00fcrger gekommen, um der dem Ausschuss beizusitzen, so dass nahezu alle Zuh\u00f6rerpl\u00e4tze besetzt waren. Nat\u00fcrlich waren auch wir von der B\u00fcrgerinitiative &#8222;Windkraft mit Abstand&#8220; vor Ort und haben an der Sitzung aufmerksam teilgenommen. Hier konnten wir auch noch mal weitere B\u00fcrgerinnen und B\u00fcrger \u00fcber die Planung der Stadt Eschweiler informieren.<\/p>\n<p>Als erster Tagespunkt der Sitzung des Planungs-, Umwelt- und Bauausschusses stand die zweite \u00c4nderung des Fl\u00e4chennutzungsplanes n\u00f6rdlich von Fronhoven an.Es wurde durch alle Parteien hinweg viel diskutiert und vor allem auch verschieden argumentiert. Auch die B\u00fcrgerinitiative wurde mehrfach innerhalb der Sitzung erw\u00e4hnt. Doch das Fazit der Sitzung ist f\u00fcr uns alle mehr als ern\u00fcchternd:<\/p>\n<p><em>Bei der Abstimmung hat lediglich die FDP (wie versprochen) dagegen gestimmt. Die CDU und UWG haben sich (lediglich) enthalten. Alle anderen Parteien haben f\u00fcr die \u00c4nderung des Fl\u00e4chennutzungsplanes gestimmt.<\/em><\/p>\n<p>Was viele B\u00fcrgerinnen und B\u00fcrger sehr ver\u00e4rgert hat, war u.a. die Argumentation von <a href=\"http:\/\/gruene-eschweiler.de\/wb\/pages\/ratsfraktion.php\" target=\"_blank\">Dietmar Widell (Fraktionssprecher B\u00fcndnis 90\/Die Gr\u00fcnen)<\/a> bezogen auf die Thematik Infraschall. Herrt Widell erl\u00e4uterte, dass ein 100 km\/h schnell fahrener PKW, die gleiche Menge an Infraschall ausstrahlt, wie eine Windkraftanlage und deswegen das Thema Infraschall kein KO-Kriterium f\u00fcr die Errichtung der WEA&#8217;s darstellt. <em>Was Herr Widell dabei aber vergisst ist, dass wir B\u00fcrgerinnen und B\u00fcrger in Fronhoven\/Neu-Lohn nach seinem Vergleich hin also demn\u00e4chst 11 PKW&#8217;s, die jeweils 100 km\/h schnell fahren vor unseren Schlafzimmerfenster h\u00f6ren\/f\u00fchlen werden. Na dann GUTE NACHT!<\/em><\/p>\n<p>Hermann G\u00f6dde, der technische Beigeordneter der Stadt Eschweiler, brachte zwar den B-Plan w\u00e4hrend der Sitzung ins Spiel, jedoch gab es keine konkreten Fakten, keinen Termin etc.<\/p>\n<p><span style=\"color: #ff6600;\"><em><strong>Somit m\u00fcssen wir von der B\u00fcrgerinitiative leider feststellen, dass die \u00c4nderung des Fl\u00e4chennutzungsplanes ohne Ber\u00fccksichtigung unserer Bef\u00fcrchtungen und \u00c4nderungsvorschl\u00e4ge trotz aller Gespr\u00e4che und M\u00fchen im Planungs-, Umwelt- und Bauausschusse verabschiedet wurde.<\/strong><\/em><\/span><\/p>\n","protected":false},"excerpt":{"rendered":"<p>Am 28. Mai 2015 fand die lang erwartete \u00f6ffentliche Sitzung des Planungs-, Umwelt- und Bauausschusses statt. Aus Fronhoven und Neu-Lohn waren zahlreiche B\u00fcrgerinnen und B\u00fcrger gekommen, um der dem Ausschuss beizusitzen, so dass nahezu alle Zuh\u00f6rerpl\u00e4tze besetzt waren. Nat\u00fcrlich waren auch wir von der B\u00fcrgerinitiative &#8222;Windkraft mit Abstand&#8220; vor Ort und haben an der Sitzung [&hellip;]<\/p>\n","protected":false},"author":1,"featured_media":298,"comment_status":"open","ping_status":"closed","sticky":false,"template":"","format":"standard","meta":{"jetpack_post_was_ever_published":false,"_jetpack_newsletter_access":"","_jetpack_dont_email_post_to_subs":false,"_jetpack_newsletter_tier_id":0,"_jetpack_memberships_contains_paywalled_content":false,"_jetpack_memberships_contains_paid_content":false,"footnotes":"","jetpack_publicize_message":"","jetpack_publicize_feature_enabled":true,"jetpack_social_post_already_shared":true,"jetpack_social_options":{"image_generator_settings":{"template":"highway","default_image_id":0,"font":"","enabled":false},"version":2}},"categories":[2],"tags":[539,538,544,543,546,504,497,536,106,87,537,334,535,545,9,549,540,541,15,548,10,547,431,523,101,268,542,524,534],"class_list":["post-289","post","type-post","status-publish","format-standard","has-post-thumbnail","hentry","category-buergerinitiative-windkraft-mit-abstand","tag-100-kmh","tag-11-pkws","tag-aenderung","tag-aenderungsvorschlaege","tag-argumentation","tag-b-plan","tag-befuerchtungen","tag-buendnis-90","tag-buergerinitiative","tag-cdu","tag-die-gruenen","tag-die-piraten","tag-dietmar-widell","tag-enthalten","tag-fronhoven","tag-gespraeche","tag-gute-nacht","tag-hermann-goedde","tag-infraschall","tag-muehen","tag-neu-lohn","tag-parteien","tag-planungs","tag-sitzung","tag-spd","tag-stadt-eschweiler","tag-technischer-beigeordneter","tag-umwelt-und-bauausschusses","tag-uwg"],"jetpack_publicize_connections":[],"jetpack_featured_media_url":"https:\/\/i0.wp.com\/www.fronhoven.de\/wp-content\/uploads\/2015\/05\/12fb1f84b1653e267b1b0762840f01de.jpg?fit=1200%2C797&ssl=1","jetpack_shortlink":"https:\/\/wp.me\/p65ifD-4F","jetpack_sharing_enabled":true,"_links":{"self":[{"href":"https:\/\/www.fronhoven.de\/index.php?rest_route=\/wp\/v2\/posts\/289","targetHints":{"allow":["GET"]}}],"collection":[{"href":"https:\/\/www.fronhoven.de\/index.php?rest_route=\/wp\/v2\/posts"}],"about":[{"href":"https:\/\/www.fronhoven.de\/index.php?rest_route=\/wp\/v2\/types\/post"}],"author":[{"embeddable":true,"href":"https:\/\/www.fronhoven.de\/index.php?rest_route=\/wp\/v2\/users\/1"}],"replies":[{"embeddable":true,"href":"https:\/\/www.fronhoven.de\/index.php?rest_route=%2Fwp%2Fv2%2Fcomments&post=289"}],"version-history":[{"count":5,"href":"https:\/\/www.fronhoven.de\/index.php?rest_route=\/wp\/v2\/posts\/289\/revisions"}],"predecessor-version":[{"id":300,"href":"https:\/\/www.fronhoven.de\/index.php?rest_route=\/wp\/v2\/posts\/289\/revisions\/300"}],"wp:featuredmedia":[{"embeddable":true,"href":"https:\/\/www.fronhoven.de\/index.php?rest_route=\/wp\/v2\/media\/298"}],"wp:attachment":[{"href":"https:\/\/www.fronhoven.de\/index.php?rest_route=%2Fwp%2Fv2%2Fmedia&parent=289"}],"wp:term":[{"taxonomy":"category","embeddable":true,"href":"https:\/\/www.fronhoven.de\/index.php?rest_route=%2Fwp%2Fv2%2Fcategories&post=289"},{"taxonomy":"post_tag","embeddable":true,"href":"https:\/\/www.fronhoven.de\/index.php?rest_route=%2Fwp%2Fv2%2Ftags&post=289"}],"curies":[{"name":"wp","href":"https:\/\/api.w.org\/{rel}","templated":true}]}}