{"id":291,"date":"2015-06-07T23:30:29","date_gmt":"2015-06-07T21:30:29","guid":{"rendered":"http:\/\/www.fronhoven.de\/?p=291"},"modified":"2015-06-09T08:40:29","modified_gmt":"2015-06-09T06:40:29","slug":"beitrag-in-spiegel-tv-magazin-beitrag-infraschall-von-windkraftanlagen-vom-07-06-2015","status":"publish","type":"post","link":"https:\/\/www.fronhoven.de\/?p=291","title":{"rendered":"Beitrag in Spiegel TV Magazin Beitrag &#8222;Infraschall von Windkraftanlagen&#8220; vom 07.06.2015"},"content":{"rendered":"<p>Am vergangenen Sonntag hat die Spiegel Tv Magazin Redaktion u.a. auch das Thema INFRASCHALL behandelt. Hier wird wiedermal klar, dass die Politik weg sieht und die Gefahren f\u00fcr Mensch und Tier einfach ignoriert oder dreist tolleriert, um &#8218;andere&#8216; Interessen durchzusetzen. Menschen verlassen aus lauter Verzweiflung Ihr Zuhause oder ziehen stumpf in den Keller, um \u00fcberhaupt noch schlafen zu k\u00f6nnen. Und das nur, weil man den Mindestabstand zur Wohnbebauung einfach zu kurz gew\u00e4hlt hat.<\/p>\n<p>[wpdevart_youtube]D9fcymbitiE[\/wpdevart_youtube]<\/p>\n<p>Was wir von der B\u00fcrgerinitiative dabei besonders frustrierend finden ist, dass wir schon fr\u00fchzeitig auf diese Gefahren hingewiesen haben und es nach-wie-vor tun. Und trotzdem verschaffen wir uns innerhalb der Politik damit kein Geh\u00f6r. Kann man das wirklich einfach alles ignorieren? Auch wenn man eine G\u00fcteabwegung vornimmt? Hat nicht jeder einzelne von uns den Anspruch auf seine unversehrte Gesundheit?<\/p>\n","protected":false},"excerpt":{"rendered":"<p>Am vergangenen Sonntag hat die Spiegel Tv Magazin Redaktion u.a. auch das Thema INFRASCHALL behandelt. Hier wird wiedermal klar, dass die Politik weg sieht und die Gefahren f\u00fcr Mensch und Tier einfach ignoriert oder dreist tolleriert, um &#8218;andere&#8216; Interessen durchzusetzen. Menschen verlassen aus lauter Verzweiflung Ihr Zuhause oder ziehen stumpf in den Keller, um \u00fcberhaupt [&hellip;]<\/p>\n","protected":false},"author":1,"featured_media":294,"comment_status":"open","ping_status":"closed","sticky":false,"template":"","format":"standard","meta":{"jetpack_post_was_ever_published":false,"_jetpack_newsletter_access":"","_jetpack_dont_email_post_to_subs":false,"_jetpack_newsletter_tier_id":0,"_jetpack_memberships_contains_paywalled_content":false,"_jetpack_memberships_contains_paid_content":false,"footnotes":"","jetpack_publicize_message":"","jetpack_publicize_feature_enabled":true,"jetpack_social_post_already_shared":true,"jetpack_social_options":{"image_generator_settings":{"template":"highway","default_image_id":0,"font":"","enabled":false},"version":2}},"categories":[2],"tags":[531,133,15,533,532],"class_list":["post-291","post","type-post","status-publish","format-standard","has-post-thumbnail","hentry","category-buergerinitiative-windkraft-mit-abstand","tag-beitrag","tag-gesundheit","tag-infraschall","tag-rtl","tag-spiegel-tv-magazin"],"jetpack_publicize_connections":[],"jetpack_featured_media_url":"https:\/\/i0.wp.com\/www.fronhoven.de\/wp-content\/uploads\/2015\/06\/21384e08fef7a071c81e6441ee114867.jpg?fit=1200%2C783&ssl=1","jetpack_shortlink":"https:\/\/wp.me\/p65ifD-4H","jetpack_sharing_enabled":true,"_links":{"self":[{"href":"https:\/\/www.fronhoven.de\/index.php?rest_route=\/wp\/v2\/posts\/291","targetHints":{"allow":["GET"]}}],"collection":[{"href":"https:\/\/www.fronhoven.de\/index.php?rest_route=\/wp\/v2\/posts"}],"about":[{"href":"https:\/\/www.fronhoven.de\/index.php?rest_route=\/wp\/v2\/types\/post"}],"author":[{"embeddable":true,"href":"https:\/\/www.fronhoven.de\/index.php?rest_route=\/wp\/v2\/users\/1"}],"replies":[{"embeddable":true,"href":"https:\/\/www.fronhoven.de\/index.php?rest_route=%2Fwp%2Fv2%2Fcomments&post=291"}],"version-history":[{"count":3,"href":"https:\/\/www.fronhoven.de\/index.php?rest_route=\/wp\/v2\/posts\/291\/revisions"}],"predecessor-version":[{"id":295,"href":"https:\/\/www.fronhoven.de\/index.php?rest_route=\/wp\/v2\/posts\/291\/revisions\/295"}],"wp:featuredmedia":[{"embeddable":true,"href":"https:\/\/www.fronhoven.de\/index.php?rest_route=\/wp\/v2\/media\/294"}],"wp:attachment":[{"href":"https:\/\/www.fronhoven.de\/index.php?rest_route=%2Fwp%2Fv2%2Fmedia&parent=291"}],"wp:term":[{"taxonomy":"category","embeddable":true,"href":"https:\/\/www.fronhoven.de\/index.php?rest_route=%2Fwp%2Fv2%2Fcategories&post=291"},{"taxonomy":"post_tag","embeddable":true,"href":"https:\/\/www.fronhoven.de\/index.php?rest_route=%2Fwp%2Fv2%2Ftags&post=291"}],"curies":[{"name":"wp","href":"https:\/\/api.w.org\/{rel}","templated":true}]}}