{"id":311,"date":"2015-05-29T23:00:20","date_gmt":"2015-05-29T21:00:20","guid":{"rendered":"http:\/\/www.fronhoven.de\/?p=311"},"modified":"2015-06-12T08:49:58","modified_gmt":"2015-06-12T06:49:58","slug":"aachener-nachrichten-die-geplanten-konzentrationsflaechen-fuer-windenergieanlagen-erhitzen-weiterhin-die-gemueter","status":"publish","type":"post","link":"https:\/\/www.fronhoven.de\/?p=311","title":{"rendered":"Aachener Nachrichten: Die geplanten Konzentrationsfl\u00e4chen f\u00fcr Windenergieanlagen erhitzen weiterhin die Gem\u00fcter"},"content":{"rendered":"<p>Am 29. Mai 2015 erschien in den Aachener Nachrichten ein Artikel (Von: se\/tob) \u00fcber die Sitzung des Planungs-, Umwelt- und Bauausschusses am Donnerstagabend mit u.a. folgendem Inhalt:<\/p>\n<blockquote>\n<div>Beschlossen wurde bei einem Nein der FDP und Enthaltungen von CDU und UWG die 2. \u00c4nderung des Fl\u00e4chennutzungsplans \u2013 Konzentrationsfl\u00e4chen f\u00fcr Windenergieanlagen. Vor allem die B\u00fcrger aus Neu-Lohn\/Fronhoven hatten sich in den vergangenen Monaten massiv gegen die Pl\u00e4ne, gewehrt, Windkraftanlagen am Ortsrand aufzustellen. Nach der neuesten Vorlage soll die n\u00e4chste Anlage nicht wie urspr\u00fcnglich geplant rund 800 Meter, sondern mindestens 1120 Meter von der Wohnbebauung entfernt stehen. Zudem wolle man die m\u00f6glichen Entfernungen mit einem Bebauungsplan absichern, erkl\u00e4rte der Technische Beigeordnete Hermann G\u00f6dde am Donnerstag.<\/div>\n<\/blockquote>\n<p>Quelle: <a href=\"http:\/\/www.aachener-nachrichten.de\/lokales\/eschweiler\/protest-die-cdu-fraktion-verlaesst-geschlossen-den-ratssaal-1.1102033\" target=\"_blank\">Aachener Nachrichten Online &#8211; Artikel &#8222;Protest: Die CDU-Fraktion verl\u00e4sst geschlossen den Ratssaal&#8220;<\/a><\/p>\n","protected":false},"excerpt":{"rendered":"<p>Am 29. Mai 2015 erschien in den Aachener Nachrichten ein Artikel (Von: se\/tob) \u00fcber die Sitzung des Planungs-, Umwelt- und Bauausschusses am Donnerstagabend mit u.a. folgendem Inhalt: Beschlossen wurde bei einem Nein der FDP und Enthaltungen von CDU und UWG die 2. \u00c4nderung des Fl\u00e4chennutzungsplans \u2013 Konzentrationsfl\u00e4chen f\u00fcr Windenergieanlagen. Vor allem die B\u00fcrger aus Neu-Lohn\/Fronhoven [&hellip;]<\/p>\n","protected":false},"author":1,"featured_media":313,"comment_status":"open","ping_status":"closed","sticky":false,"template":"","format":"standard","meta":{"jetpack_post_was_ever_published":false,"_jetpack_newsletter_access":"","_jetpack_dont_email_post_to_subs":false,"_jetpack_newsletter_tier_id":0,"_jetpack_memberships_contains_paywalled_content":false,"_jetpack_memberships_contains_paid_content":false,"footnotes":"","jetpack_publicize_message":"","jetpack_publicize_feature_enabled":true,"jetpack_social_post_already_shared":true,"jetpack_social_options":{"image_generator_settings":{"template":"highway","default_image_id":0,"font":"","enabled":false},"version":2}},"categories":[2],"tags":[558,559,556,87,562,83,412,541,431,561,563,523,560,524,534,500,557],"class_list":["post-311","post","type-post","status-publish","format-standard","has-post-thumbnail","hentry","category-buergerinitiative-windkraft-mit-abstand","tag-1120-meter","tag-800-meter","tag-aachener-nachrichten","tag-cdu","tag-cdu-fraktion","tag-eschweiler-zeitung","tag-fdp","tag-hermann-goedde","tag-planungs","tag-protest","tag-ratssaal","tag-sitzung","tag-technische-beigeordnete","tag-umwelt-und-bauausschusses","tag-uwg","tag-wohnbebauung","tag-zeitung"],"jetpack_publicize_connections":[],"jetpack_featured_media_url":"https:\/\/i0.wp.com\/www.fronhoven.de\/wp-content\/uploads\/2015\/05\/144035f4f902701afa09fefb4dee8a13.jpg?fit=1200%2C800&ssl=1","jetpack_shortlink":"https:\/\/wp.me\/p65ifD-51","jetpack_sharing_enabled":true,"_links":{"self":[{"href":"https:\/\/www.fronhoven.de\/index.php?rest_route=\/wp\/v2\/posts\/311","targetHints":{"allow":["GET"]}}],"collection":[{"href":"https:\/\/www.fronhoven.de\/index.php?rest_route=\/wp\/v2\/posts"}],"about":[{"href":"https:\/\/www.fronhoven.de\/index.php?rest_route=\/wp\/v2\/types\/post"}],"author":[{"embeddable":true,"href":"https:\/\/www.fronhoven.de\/index.php?rest_route=\/wp\/v2\/users\/1"}],"replies":[{"embeddable":true,"href":"https:\/\/www.fronhoven.de\/index.php?rest_route=%2Fwp%2Fv2%2Fcomments&post=311"}],"version-history":[{"count":1,"href":"https:\/\/www.fronhoven.de\/index.php?rest_route=\/wp\/v2\/posts\/311\/revisions"}],"predecessor-version":[{"id":312,"href":"https:\/\/www.fronhoven.de\/index.php?rest_route=\/wp\/v2\/posts\/311\/revisions\/312"}],"wp:featuredmedia":[{"embeddable":true,"href":"https:\/\/www.fronhoven.de\/index.php?rest_route=\/wp\/v2\/media\/313"}],"wp:attachment":[{"href":"https:\/\/www.fronhoven.de\/index.php?rest_route=%2Fwp%2Fv2%2Fmedia&parent=311"}],"wp:term":[{"taxonomy":"category","embeddable":true,"href":"https:\/\/www.fronhoven.de\/index.php?rest_route=%2Fwp%2Fv2%2Fcategories&post=311"},{"taxonomy":"post_tag","embeddable":true,"href":"https:\/\/www.fronhoven.de\/index.php?rest_route=%2Fwp%2Fv2%2Ftags&post=311"}],"curies":[{"name":"wp","href":"https:\/\/api.w.org\/{rel}","templated":true}]}}