{"id":316,"date":"2015-06-12T12:36:19","date_gmt":"2015-06-12T10:36:19","guid":{"rendered":"http:\/\/www.fronhoven.de\/?p=316"},"modified":"2015-06-12T12:36:19","modified_gmt":"2015-06-12T10:36:19","slug":"eschweiler-zeitung-artikel-buergerinitiative-kritisiert-plaene-zur-errichtung-von-windkraftanlagen","status":"publish","type":"post","link":"https:\/\/www.fronhoven.de\/?p=316","title":{"rendered":"Eschweiler Zeitung &#8211; Artikel &#8222;B\u00fcrgerinitiative kritisiert Pl\u00e4ne zur Errichtung von Windkraftanlagen&#8220;"},"content":{"rendered":"<p>Am 12. Juni 2015 erschien in der Eschweiler Zeitung der Artikel &#8222;B\u00fcrgerinitiative kritisiert Pl\u00e4ne zur Errichtung von Windkraftanlagen&#8220; von Tobias R\u00f6ber.<\/p>\n<blockquote><p><strong>ESCHWEILER-FRONHOVEN\/NEU-LOHN.<\/strong> Die Stimmung bleibt aufgeheizt. Viele B\u00fcrger in Neu-Lohn und Fronhoven sind auch nach der vorigen Sitzung des Planungs- Umwelt- und Bauausschusses mit den Pl\u00e4nen f\u00fcr die Aufstellung neuer Windkraftr\u00e4der alles andere als zufrieden. Der Rat wird am kommenden Mittwoch die 2. \u00c4nderung des Fl\u00e4chennutzungsplans \u2013 Konzentrationszonen f\u00fcr Windenergieanlagen beschlie\u00dfen. In der Indestadt gibt es die Windkraft-Vorrangfl\u00e4chen Halde Nierchen und N\u00f6rdlich Kraftwerk. N\u00f6rdlich Fronhoven w\u00e4re die n\u00e4chste. Bleiben die Pl\u00e4ne so wie im Ausschuss besprochen, will die B\u00fcrgerinitiative \u201eWindkraft mit Abstand\u201c alle rechtlichen Mittel aussch\u00f6pfen, k\u00fcndigt sie<br \/>\nschon jetzt an.<\/p>\n<p>Die B\u00fcrgerinitiative bef\u00fcrchtet mehrere negative Auswirkungen, wenn die geplanten neun Windr\u00e4der aufgestellt werden: Neben dem Schattenwurf, dem Betriebsger\u00e4usch, der optischen Ver\u00e4nderung der Landschaft und dem Wertverlust der Immobilien f\u00fchren die B\u00fcrger auch die Gesundheitsgefahr durch Ultra- und Infraschall an. Die Forderung lautete daher: Die Windkraftanlagen sollen einen Mindestabstand von 2000 Metern zur Wohnbebauung haben. Mehr als 400 Unterschriften haben die Vertreter der Initiative gesammelt, dazu haben sie 14 Gespr\u00e4che mit politischen Vertretern gef\u00fchrt, um ihre Meinung kundzutun.<\/p>\n<p><strong>Bebauungsplan zur Feinsteuerung<\/strong><br \/>\nDie neuen Pl\u00e4ne der Verwaltung sehen vor, dass Windr\u00e4der nicht wie urspr\u00fcnglich geplant in etwas mehr als 800 Metern, sondern in 1100 Metern vom Ortsrand entfernt gebaut werden. Dazu soll ein Bebauungsplan zur sogenannten Feinsteuerung aufgestellt werden. In der Verwaltungsvorlage f\u00fcr den kommenden Mittwoch hei\u00dft es:<\/p>\n<p>\u201eIm Bebauungsplanverfahren soll daher durch eine Untersuchung der Gesamtumst\u00e4nde eine Feinsteuerung der konkreten Windenergiestandorte erfolgen, mit dem Ziel, aus dem Vorsorgegedanken heraus gr\u00f6\u00dfere Abst\u00e4nde zwischen den k\u00fcnftigen Anlagen und den benachbarten Ortsteilen sicher zu stellen. Die Konkretisierung der Standorte im Windpark soll dabei auf der Grundlage einer genaueren Immissionsschutzprognose und einer differenzierteren naturr\u00e4umlichen Betrachtung erfolgen. Ferner sollen im Bebauungsplan Festsetzungen zu H\u00f6hen- und L\u00e4rmbegrenzungen f\u00fcr die Anlagen getroffen werden. Dabei ist auch zu ber\u00fccksichtigen, dass an den festzusetzenden Standorten ein Dauerbetrieb der Windenergieanlagen (24 h) sichergestellt werden muss, um die gebotene Wirtschaftlichkeit des Anlagebetriebes zu gew\u00e4hrleisten.\u201c<\/p>\n<p>Die Lohner B\u00fcrger kritisieren die Pl\u00e4ne. Sie bef\u00fcrchten, dass k\u00fcnftig dann doch Windr\u00e4der n\u00e4her an den Ort gebaut werden k\u00f6nnen.<\/p>\n<p>Die avisierte Windkraftkonzentrationszone n\u00f6rdlich Fronhoven wurde in verschiedene Zonen aufgeteilt. Die Zonen 2a und 2b liegen nordwestlich der L238, also von Fronhoven aus gesehen hinter dieser Stra\u00dfe. Die Zonen 3 und 4 liegen auf der anderen Seite der L238. Die B\u00fcrgerinitiative fordert, dass die Zonen 3 und 4 ganz\u00a0 gestrichen werden. Das w\u00fcrde bedeuten, dass die Windr\u00e4der mindestens 1200 Meter vom Ort entfernt w\u00e4ren \u2013 und auch nicht im direkten Sichtfeld.<\/p>\n<p><strong>Das Thema Infraschall<\/strong><br \/>\nDie CDU hat einen Antrag eingereicht, der diesen Wunsch unterst\u00fctzt. Die Christdemokraten wollen die Streichung der Zone 3 und eine Verkleinerung der Zone 4. Damit w\u00e4ren noch f\u00fcnf statt der geplanten neun Windkraftr\u00e4der m\u00f6glich. Bei der Abstimmung im Planungs-, Umwelt- und Bauausschuss hatten sich UWG und CDU enthalten, die FDP hatte gegen die Pl\u00e4ne gestimmt. Bei einer Mitgliederversammlung der \u00f6rtlichen CDU hatte das Thema ebenfalls f\u00fcr emotionale Diskussionen gesorgt.<\/p>\n<p>Das Thema Infraschall kommt den Vertretern der B\u00fcrgerinitiative viel zu kurz. Sie weisen auf folgendes hin: Laut eines Spiegel-TV-Berichts reagieren 20 Prozent der Menschen auf Infraschall. Zudem seien Neu-Lohn und Fronhoven bereits seit Jahrzehnten belastet. Am kommenden Mittwoch werden sicherlich etliche B\u00fcrger aus den Orten ins Rathaus kommen. Das Thema wird sie danach wohl noch weiter besch\u00e4ftigen.<\/p><\/blockquote>\n<p>An dieser Stelle nochmals herzlichen Dank an Herrn R\u00f6ber, dass wir den Artikel hier ver\u00f6ffentlichen d\u00fcrfen.<\/p>\n","protected":false},"excerpt":{"rendered":"<p>Am 12. Juni 2015 erschien in der Eschweiler Zeitung der Artikel &#8222;B\u00fcrgerinitiative kritisiert Pl\u00e4ne zur Errichtung von Windkraftanlagen&#8220; von Tobias R\u00f6ber. ESCHWEILER-FRONHOVEN\/NEU-LOHN. Die Stimmung bleibt aufgeheizt. Viele B\u00fcrger in Neu-Lohn und Fronhoven sind auch nach der vorigen Sitzung des Planungs- Umwelt- und Bauausschusses mit den Pl\u00e4nen f\u00fcr die Aufstellung neuer Windkraftr\u00e4der alles andere als zufrieden. [&hellip;]<\/p>\n","protected":false},"author":1,"featured_media":322,"comment_status":"open","ping_status":"closed","sticky":false,"template":"","format":"standard","meta":{"jetpack_post_was_ever_published":false,"_jetpack_newsletter_access":"","_jetpack_dont_email_post_to_subs":false,"_jetpack_newsletter_tier_id":0,"_jetpack_memberships_contains_paywalled_content":false,"_jetpack_memberships_contains_paid_content":false,"footnotes":"","jetpack_publicize_message":"","jetpack_publicize_feature_enabled":true,"jetpack_social_post_already_shared":true,"jetpack_social_options":{"image_generator_settings":{"template":"highway","default_image_id":0,"font":"","enabled":false},"version":2}},"categories":[2],"tags":[565,106,115,82,557],"class_list":["post-316","post","type-post","status-publish","format-standard","has-post-thumbnail","hentry","category-buergerinitiative-windkraft-mit-abstand","tag-aachener","tag-buergerinitiative","tag-eschweiler","tag-tobias-roeber","tag-zeitung"],"jetpack_publicize_connections":[],"jetpack_featured_media_url":"https:\/\/i0.wp.com\/www.fronhoven.de\/wp-content\/uploads\/2015\/06\/1bc87157e05b1976bbb4adcb3d1399c5.jpg?fit=1200%2C803&ssl=1","jetpack_shortlink":"https:\/\/wp.me\/p65ifD-56","jetpack_sharing_enabled":true,"_links":{"self":[{"href":"https:\/\/www.fronhoven.de\/index.php?rest_route=\/wp\/v2\/posts\/316","targetHints":{"allow":["GET"]}}],"collection":[{"href":"https:\/\/www.fronhoven.de\/index.php?rest_route=\/wp\/v2\/posts"}],"about":[{"href":"https:\/\/www.fronhoven.de\/index.php?rest_route=\/wp\/v2\/types\/post"}],"author":[{"embeddable":true,"href":"https:\/\/www.fronhoven.de\/index.php?rest_route=\/wp\/v2\/users\/1"}],"replies":[{"embeddable":true,"href":"https:\/\/www.fronhoven.de\/index.php?rest_route=%2Fwp%2Fv2%2Fcomments&post=316"}],"version-history":[{"count":2,"href":"https:\/\/www.fronhoven.de\/index.php?rest_route=\/wp\/v2\/posts\/316\/revisions"}],"predecessor-version":[{"id":318,"href":"https:\/\/www.fronhoven.de\/index.php?rest_route=\/wp\/v2\/posts\/316\/revisions\/318"}],"wp:featuredmedia":[{"embeddable":true,"href":"https:\/\/www.fronhoven.de\/index.php?rest_route=\/wp\/v2\/media\/322"}],"wp:attachment":[{"href":"https:\/\/www.fronhoven.de\/index.php?rest_route=%2Fwp%2Fv2%2Fmedia&parent=316"}],"wp:term":[{"taxonomy":"category","embeddable":true,"href":"https:\/\/www.fronhoven.de\/index.php?rest_route=%2Fwp%2Fv2%2Fcategories&post=316"},{"taxonomy":"post_tag","embeddable":true,"href":"https:\/\/www.fronhoven.de\/index.php?rest_route=%2Fwp%2Fv2%2Ftags&post=316"}],"curies":[{"name":"wp","href":"https:\/\/api.w.org\/{rel}","templated":true}]}}