{"id":327,"date":"2015-06-15T20:30:08","date_gmt":"2015-06-15T18:30:08","guid":{"rendered":"http:\/\/www.fronhoven.de\/?p=327"},"modified":"2015-06-16T12:57:16","modified_gmt":"2015-06-16T10:57:16","slug":"erneutes-treffen-mit-der-spd-fraktion","status":"publish","type":"post","link":"https:\/\/www.fronhoven.de\/?p=327","title":{"rendered":"Erneutes Treffen mit der SPD-Fraktion"},"content":{"rendered":"<p>Die B\u00fcrgerinitiative (heute durch Heinz Rinkens, Berthold Braun, Max Rinkens und Marcel Cuvelier vertreten) hat sich heute wieder mit der SPD-Fraktion (Nadine Leonhardt (Fraktionsvorsitzende), Stephan L\u00f6hmann (stellvertretender SPD-Fraktionsvorsitzender), Peter Kendziora und Klaus Fehr) im Rathaus zu einem weiteren Gespr\u00e4ch getroffen. Angek\u00fcndigt war uns eigentlich die Vorabvorlage des ersten Entwurfs des B-Plans (Bebauungsplanes 288) f\u00fcr die Konzentrationszonen 2a, 2b, 3 und 4. Der konnte uns jedoch noch nicht gezeigt oder n\u00e4her erl\u00e4utert werden. Wir diskutierten erneut die verschiedenen Kritikpunkte und er\u00f6rterten der SPD-Fraktion unseren \u00c4nderungsvorschlag (Zone 3 und 4 vollst\u00e4ndig streichen) zur geplanten Fl\u00e4chennutzungsplan\u00e4nderung.<\/p>\n<p>Wenn Zone 3 und 4 gestrichen werden, sind zwar prinzipiell WEA&#8217;s in einem Abstand von ca. 1200 Metern zur Wohnbebauung m\u00f6glich, jedoch verringert sich die Sichtbehinderung vom Ortsteil aus erheblich. Dar\u00fcber hinaus w\u00e4re der Schlangengraben bzw. die Indeaue nicht mehr durch die WEAs belastet und die Tierwelt und Fauna w\u00fcrde davon DIREKT provitieren. Durch die Landstra\u00dfe, die dem Ort dann eh n\u00e4her als das erste Windkraftrad w\u00e4re, entsteht bei entsprechender Windrichtung eh ein St\u00f6rungseffekt zudem dann halt leider auch noch der (Infra-)Schall der WEAs hinzu k\u00e4me.<\/p>\n<p>Wir kl\u00e4rten die SPD-Fraktion \u00fcber den \u00c4nderungsantrag der CDU auf und diskutierten unseren Vorschlag der Strecihung von Zone 3 und 4. Durch einen Folgetermin der SPD hatten wir leider nur bis 17 Uhr Zeit uns gegenseitig auszutauschen. Nun sind wir, die B\u00fcrgerinnen und B\u00fcrger, sehr auf die kommende Ratssitzung am 17.06.2015 gespannt.<\/p>\n","protected":false},"excerpt":{"rendered":"<p>Die B\u00fcrgerinitiative (heute durch Heinz Rinkens, Berthold Braun, Max Rinkens und Marcel Cuvelier vertreten) hat sich heute wieder mit der SPD-Fraktion (Nadine Leonhardt (Fraktionsvorsitzende), Stephan L\u00f6hmann (stellvertretender SPD-Fraktionsvorsitzender), Peter Kendziora und Klaus Fehr) im Rathaus zu einem weiteren Gespr\u00e4ch getroffen. Angek\u00fcndigt war uns eigentlich die Vorabvorlage des ersten Entwurfs des B-Plans (Bebauungsplanes 288) f\u00fcr die [&hellip;]<\/p>\n","protected":false},"author":1,"featured_media":272,"comment_status":"open","ping_status":"closed","sticky":false,"template":"","format":"standard","meta":{"jetpack_post_was_ever_published":false,"_jetpack_newsletter_access":"","_jetpack_dont_email_post_to_subs":false,"_jetpack_newsletter_tier_id":0,"_jetpack_memberships_contains_paywalled_content":false,"_jetpack_memberships_contains_paid_content":false,"footnotes":"","jetpack_publicize_message":"","jetpack_publicize_feature_enabled":true,"jetpack_social_post_already_shared":true,"jetpack_social_options":{"image_generator_settings":{"template":"highway","default_image_id":0,"font":"","enabled":false},"version":2}},"categories":[2],"tags":[504,574,12,106,573,482,11,377,570,486,571,13,405,481,485,569,566,484,483,572,6,468,500,567,568],"class_list":["post-327","post","type-post","status-publish","format-standard","has-post-thumbnail","hentry","category-buergerinitiative-windkraft-mit-abstand","tag-b-plan","tag-bebauungsplanes-288","tag-berthold-braun","tag-buergerinitiative","tag-fauna","tag-fraktionsvorsitzende","tag-heinz-rinkens","tag-indeaue","tag-indetal","tag-klaus-fehr","tag-landstrasse","tag-marcel-cuvelier","tag-max-rinkens","tag-nadine-leonhardt","tag-peter-kendziora","tag-schlangengraben","tag-spd-fraktion","tag-stellvertretender-spd-fraktionsvorsitzender","tag-stephan-loehmann","tag-tierwelt","tag-wea","tag-weas","tag-wohnbebauung","tag-zone-3","tag-zone-4"],"jetpack_publicize_connections":[],"jetpack_featured_media_url":"https:\/\/i0.wp.com\/www.fronhoven.de\/wp-content\/uploads\/2015\/06\/SPD-logo.jpg?fit=157%2C122&ssl=1","jetpack_shortlink":"https:\/\/wp.me\/p65ifD-5h","jetpack_sharing_enabled":true,"_links":{"self":[{"href":"https:\/\/www.fronhoven.de\/index.php?rest_route=\/wp\/v2\/posts\/327","targetHints":{"allow":["GET"]}}],"collection":[{"href":"https:\/\/www.fronhoven.de\/index.php?rest_route=\/wp\/v2\/posts"}],"about":[{"href":"https:\/\/www.fronhoven.de\/index.php?rest_route=\/wp\/v2\/types\/post"}],"author":[{"embeddable":true,"href":"https:\/\/www.fronhoven.de\/index.php?rest_route=\/wp\/v2\/users\/1"}],"replies":[{"embeddable":true,"href":"https:\/\/www.fronhoven.de\/index.php?rest_route=%2Fwp%2Fv2%2Fcomments&post=327"}],"version-history":[{"count":2,"href":"https:\/\/www.fronhoven.de\/index.php?rest_route=\/wp\/v2\/posts\/327\/revisions"}],"predecessor-version":[{"id":329,"href":"https:\/\/www.fronhoven.de\/index.php?rest_route=\/wp\/v2\/posts\/327\/revisions\/329"}],"wp:featuredmedia":[{"embeddable":true,"href":"https:\/\/www.fronhoven.de\/index.php?rest_route=\/wp\/v2\/media\/272"}],"wp:attachment":[{"href":"https:\/\/www.fronhoven.de\/index.php?rest_route=%2Fwp%2Fv2%2Fmedia&parent=327"}],"wp:term":[{"taxonomy":"category","embeddable":true,"href":"https:\/\/www.fronhoven.de\/index.php?rest_route=%2Fwp%2Fv2%2Fcategories&post=327"},{"taxonomy":"post_tag","embeddable":true,"href":"https:\/\/www.fronhoven.de\/index.php?rest_route=%2Fwp%2Fv2%2Ftags&post=327"}],"curies":[{"name":"wp","href":"https:\/\/api.w.org\/{rel}","templated":true}]}}