{"id":335,"date":"2015-06-17T09:53:26","date_gmt":"2015-06-17T07:53:26","guid":{"rendered":"http:\/\/www.fronhoven.de\/?p=335"},"modified":"2015-06-17T09:54:11","modified_gmt":"2015-06-17T07:54:11","slug":"blick-vom-blausteinsee-aus-auf-fronhoven","status":"publish","type":"post","link":"https:\/\/www.fronhoven.de\/?p=335","title":{"rendered":"Blick vom Blausteinsee aus auf Fronhoven"},"content":{"rendered":"<p>So sieht es derzeit noch aus, wenn man aus luftiger H\u00f6he, \u00fcbern Blausteinsee schwebend in Richtung Kraftwerk und Fronhoven blickt:<\/p>\n<figure id=\"attachment_334\" aria-describedby=\"caption-attachment-334\" style=\"width: 1630px\" class=\"wp-caption aligncenter\"><a href=\"https:\/\/i0.wp.com\/www.fronhoven.de\/wp-content\/uploads\/2015\/06\/Blausteinsee-Kraftwerk-und-Fronhoven.png?ssl=1\"><img data-recalc-dims=\"1\" loading=\"lazy\" decoding=\"async\" data-attachment-id=\"334\" data-permalink=\"https:\/\/www.fronhoven.de\/?attachment_id=334\" data-orig-file=\"https:\/\/i0.wp.com\/www.fronhoven.de\/wp-content\/uploads\/2015\/06\/Blausteinsee-Kraftwerk-und-Fronhoven.png?fit=1630%2C875&amp;ssl=1\" data-orig-size=\"1630,875\" data-comments-opened=\"1\" data-image-meta=\"{&quot;aperture&quot;:&quot;0&quot;,&quot;credit&quot;:&quot;&quot;,&quot;camera&quot;:&quot;&quot;,&quot;caption&quot;:&quot;&quot;,&quot;created_timestamp&quot;:&quot;0&quot;,&quot;copyright&quot;:&quot;&quot;,&quot;focal_length&quot;:&quot;0&quot;,&quot;iso&quot;:&quot;0&quot;,&quot;shutter_speed&quot;:&quot;0&quot;,&quot;title&quot;:&quot;&quot;,&quot;orientation&quot;:&quot;0&quot;}\" data-image-title=\"Blausteinsee, Kraftwerk und Fronhoven\" data-image-description=\"\" data-image-caption=\"\" data-large-file=\"https:\/\/i0.wp.com\/www.fronhoven.de\/wp-content\/uploads\/2015\/06\/Blausteinsee-Kraftwerk-und-Fronhoven.png?fit=1024%2C550&amp;ssl=1\" class=\"wp-image-334 size-full\" src=\"https:\/\/i0.wp.com\/www.fronhoven.de\/wp-content\/uploads\/2015\/06\/Blausteinsee-Kraftwerk-und-Fronhoven.png?resize=1630%2C875&#038;ssl=1\" alt=\"Blausteinsee, Kraftwerk und Fronhoven\" width=\"1630\" height=\"875\" srcset=\"https:\/\/i0.wp.com\/www.fronhoven.de\/wp-content\/uploads\/2015\/06\/Blausteinsee-Kraftwerk-und-Fronhoven.png?w=1630&amp;ssl=1 1630w, https:\/\/i0.wp.com\/www.fronhoven.de\/wp-content\/uploads\/2015\/06\/Blausteinsee-Kraftwerk-und-Fronhoven.png?resize=300%2C161&amp;ssl=1 300w, https:\/\/i0.wp.com\/www.fronhoven.de\/wp-content\/uploads\/2015\/06\/Blausteinsee-Kraftwerk-und-Fronhoven.png?resize=1024%2C550&amp;ssl=1 1024w, https:\/\/i0.wp.com\/www.fronhoven.de\/wp-content\/uploads\/2015\/06\/Blausteinsee-Kraftwerk-und-Fronhoven.png?resize=624%2C335&amp;ssl=1 624w\" sizes=\"auto, (max-width: 1000px) 100vw, 1000px\" \/><\/a><figcaption id=\"caption-attachment-334\" class=\"wp-caption-text\">14.06.2015 &#8211; Foto von karlfilmproduction<\/figcaption><\/figure>\n<p>Leider wird sich dieser sch\u00f6ne Anblick sehr bald zum Negativen hin \u00e4ndern, wenn n\u00f6rdlich von Fronhoven bis zu elf Windkraftanlagen seitens der Stadt Eschweiler und ggf.nochmals genau soviele von der Gemeinde Aldenhoven aus errichtet werden. Dann ist Schluss mit der Idylle. Die Politik nimmt das gelassen in Kauf, trotz all unserer Bem\u00fchungen!<\/p>\n","protected":false},"excerpt":{"rendered":"<p>So sieht es derzeit noch aus, wenn man aus luftiger H\u00f6he, \u00fcbern Blausteinsee schwebend in Richtung Kraftwerk und Fronhoven blickt: Leider wird sich dieser sch\u00f6ne Anblick sehr bald zum Negativen hin \u00e4ndern, wenn n\u00f6rdlich von Fronhoven bis zu elf Windkraftanlagen seitens der Stadt Eschweiler und ggf.nochmals genau soviele von der Gemeinde Aldenhoven aus errichtet werden. [&hellip;]<\/p>\n","protected":false},"author":1,"featured_media":0,"comment_status":"open","ping_status":"closed","sticky":false,"template":"","format":"standard","meta":{"jetpack_post_was_ever_published":false,"_jetpack_newsletter_access":"","_jetpack_dont_email_post_to_subs":false,"_jetpack_newsletter_tier_id":0,"_jetpack_memberships_contains_paywalled_content":false,"_jetpack_memberships_contains_paid_content":false,"footnotes":"","jetpack_publicize_message":"Blick vom Blausteinsee aus auf Fronhoven http:\/\/wp.me\/p65ifD-5p","jetpack_publicize_feature_enabled":true,"jetpack_social_post_already_shared":true,"jetpack_social_options":{"image_generator_settings":{"template":"highway","default_image_id":0,"font":"","enabled":false},"version":2}},"categories":[2],"tags":[77,579,581,402,115,9,578,580,5],"class_list":["post-335","post","type-post","status-publish","format-standard","hentry","category-buergerinitiative-windkraft-mit-abstand","tag-aldenhoven","tag-anblick","tag-blausteinsee","tag-elf","tag-eschweiler","tag-fronhoven","tag-idylle","tag-luftige-hoehe","tag-windkraftanlagen"],"jetpack_publicize_connections":[],"jetpack_featured_media_url":"","jetpack_shortlink":"https:\/\/wp.me\/p65ifD-5p","jetpack_sharing_enabled":true,"_links":{"self":[{"href":"https:\/\/www.fronhoven.de\/index.php?rest_route=\/wp\/v2\/posts\/335","targetHints":{"allow":["GET"]}}],"collection":[{"href":"https:\/\/www.fronhoven.de\/index.php?rest_route=\/wp\/v2\/posts"}],"about":[{"href":"https:\/\/www.fronhoven.de\/index.php?rest_route=\/wp\/v2\/types\/post"}],"author":[{"embeddable":true,"href":"https:\/\/www.fronhoven.de\/index.php?rest_route=\/wp\/v2\/users\/1"}],"replies":[{"embeddable":true,"href":"https:\/\/www.fronhoven.de\/index.php?rest_route=%2Fwp%2Fv2%2Fcomments&post=335"}],"version-history":[{"count":3,"href":"https:\/\/www.fronhoven.de\/index.php?rest_route=\/wp\/v2\/posts\/335\/revisions"}],"predecessor-version":[{"id":338,"href":"https:\/\/www.fronhoven.de\/index.php?rest_route=\/wp\/v2\/posts\/335\/revisions\/338"}],"wp:attachment":[{"href":"https:\/\/www.fronhoven.de\/index.php?rest_route=%2Fwp%2Fv2%2Fmedia&parent=335"}],"wp:term":[{"taxonomy":"category","embeddable":true,"href":"https:\/\/www.fronhoven.de\/index.php?rest_route=%2Fwp%2Fv2%2Fcategories&post=335"},{"taxonomy":"post_tag","embeddable":true,"href":"https:\/\/www.fronhoven.de\/index.php?rest_route=%2Fwp%2Fv2%2Ftags&post=335"}],"curies":[{"name":"wp","href":"https:\/\/api.w.org\/{rel}","templated":true}]}}