{"id":340,"date":"2015-06-15T23:30:41","date_gmt":"2015-06-15T21:30:41","guid":{"rendered":"http:\/\/www.fronhoven.de\/?p=340"},"modified":"2015-06-17T11:02:43","modified_gmt":"2015-06-17T09:02:43","slug":"weiteres-treffen-mit-der-fdp-fraktion","status":"publish","type":"post","link":"https:\/\/www.fronhoven.de\/?p=340","title":{"rendered":"Weiteres Treffen mit der FDP-Fraktion"},"content":{"rendered":"<p>Nach unserem zuvorgegangenen Termin am heutigen Tag trafen wir uns wieder mit der FDP-Fraktion im Eschweiler Rathaus. Frau Prigge, Herr Theuer, Herr Braune und Herr Steins waren seitens der FDP anwesend und von der B\u00fcrgerinitiative waren Volker Schreck, Berthold Braun, Heinz Rinkens, Max Rinkens und Marcel Cuvelier dabei.<\/p>\n<p>Die FDP stellte uns im Gespr\u00e4ch Ihren gestellten \u00c4nderungsantrag zur 2. \u00c4nderung des Fl\u00e4chennutzungsplanes im Detail vor. Sie will eine generelle Vergr\u00f6\u00dferung des Mindestabstands zu den geplanten Windenergieanlagen. Die FDP schl\u00e4gt vor den Faktor sechs anzusetzen, wenn m\u00f6glich sogar lieber den Faktor sieben. Dies w\u00fcrde bedeuten, dass man fr\u00fchestens 1400 Meter vom n\u00e4chsten Wohnquartier entfernt eine Windkraftanlage errichten k\u00f6nnte. \u201eDie Risiken und Nebenwirkungen des Einsatzes von Windenergieanlagen mit gro\u00dfen H\u00f6hen sind in Deutschland derzeit noch nicht umfassend erforscht\u201c, begr\u00fcndete Herr Theuer den Antrag der FDP. Die B\u00fcrgerinitiative begr\u00fc\u00dft diesen \u00c4nderungsvorschlag, da er nicht ausschlie\u00dflich auf Fronhoven\/Neu-Lohn zugeschnitten ist, sondern f\u00fcr Eschweiler generell gilt.<\/p>\n<p>Weiterhin hat uns die FDP erneut mit wertvollen Informationen rund um das Thema Windkraft, Umweltkommune, Gebietsreformen NRW etc. versorgen k\u00f6nnen. Wir bedanken uns f\u00fcr Ihr Engagement und freuen uns auf die weitere Zusammenarbeit!<\/p>\n","protected":false},"excerpt":{"rendered":"<p>Nach unserem zuvorgegangenen Termin am heutigen Tag trafen wir uns wieder mit der FDP-Fraktion im Eschweiler Rathaus. Frau Prigge, Herr Theuer, Herr Braune und Herr Steins waren seitens der FDP anwesend und von der B\u00fcrgerinitiative waren Volker Schreck, Berthold Braun, Heinz Rinkens, Max Rinkens und Marcel Cuvelier dabei. Die FDP stellte uns im Gespr\u00e4ch Ihren [&hellip;]<\/p>\n","protected":false},"author":1,"featured_media":343,"comment_status":"open","ping_status":"closed","sticky":false,"template":"","format":"standard","meta":{"jetpack_post_was_ever_published":false,"_jetpack_newsletter_access":"","_jetpack_dont_email_post_to_subs":false,"_jetpack_newsletter_tier_id":0,"_jetpack_memberships_contains_paywalled_content":false,"_jetpack_memberships_contains_paid_content":false,"footnotes":"","jetpack_publicize_message":"","jetpack_publicize_feature_enabled":true,"jetpack_social_post_already_shared":true,"jetpack_social_options":{"image_generator_settings":{"template":"highway","default_image_id":0,"font":"","enabled":false},"version":2}},"categories":[2],"tags":[12,106,469,412,443,585,11,583,584,582,13,405,128,586,203,3],"class_list":["post-340","post","type-post","status-publish","format-standard","has-post-thumbnail","hentry","category-buergerinitiative-windkraft-mit-abstand","tag-berthold-braun","tag-buergerinitiative","tag-engagement","tag-fdp","tag-frau-prigge","tag-gebietsreformen","tag-heinz-rinkens","tag-herr-braune","tag-herr-steins","tag-herr-theuer","tag-marcel-cuvelier","tag-max-rinkens","tag-nrw","tag-umweltkommune","tag-volker-schreck","tag-windkraft"],"jetpack_publicize_connections":[],"jetpack_featured_media_url":"https:\/\/i0.wp.com\/www.fronhoven.de\/wp-content\/uploads\/2015\/06\/11235410775_9ba21d124b_o.jpg?fit=640%2C426&ssl=1","jetpack_shortlink":"https:\/\/wp.me\/p65ifD-5u","jetpack_sharing_enabled":true,"_links":{"self":[{"href":"https:\/\/www.fronhoven.de\/index.php?rest_route=\/wp\/v2\/posts\/340","targetHints":{"allow":["GET"]}}],"collection":[{"href":"https:\/\/www.fronhoven.de\/index.php?rest_route=\/wp\/v2\/posts"}],"about":[{"href":"https:\/\/www.fronhoven.de\/index.php?rest_route=\/wp\/v2\/types\/post"}],"author":[{"embeddable":true,"href":"https:\/\/www.fronhoven.de\/index.php?rest_route=\/wp\/v2\/users\/1"}],"replies":[{"embeddable":true,"href":"https:\/\/www.fronhoven.de\/index.php?rest_route=%2Fwp%2Fv2%2Fcomments&post=340"}],"version-history":[{"count":3,"href":"https:\/\/www.fronhoven.de\/index.php?rest_route=\/wp\/v2\/posts\/340\/revisions"}],"predecessor-version":[{"id":344,"href":"https:\/\/www.fronhoven.de\/index.php?rest_route=\/wp\/v2\/posts\/340\/revisions\/344"}],"wp:featuredmedia":[{"embeddable":true,"href":"https:\/\/www.fronhoven.de\/index.php?rest_route=\/wp\/v2\/media\/343"}],"wp:attachment":[{"href":"https:\/\/www.fronhoven.de\/index.php?rest_route=%2Fwp%2Fv2%2Fmedia&parent=340"}],"wp:term":[{"taxonomy":"category","embeddable":true,"href":"https:\/\/www.fronhoven.de\/index.php?rest_route=%2Fwp%2Fv2%2Fcategories&post=340"},{"taxonomy":"post_tag","embeddable":true,"href":"https:\/\/www.fronhoven.de\/index.php?rest_route=%2Fwp%2Fv2%2Ftags&post=340"}],"curies":[{"name":"wp","href":"https:\/\/api.w.org\/{rel}","templated":true}]}}