{"id":347,"date":"2015-06-17T13:11:28","date_gmt":"2015-06-17T11:11:28","guid":{"rendered":"http:\/\/www.fronhoven.de\/?p=347"},"modified":"2015-06-17T13:11:28","modified_gmt":"2015-06-17T11:11:28","slug":"aachener-zeitung-artikel-das-erste-windrad-noerdlich-von-lohn-in-1120-meter","status":"publish","type":"post","link":"https:\/\/www.fronhoven.de\/?p=347","title":{"rendered":"Aachener Zeitung &#8211; Artikel &#8222;Das erste Windrad n\u00f6rdlich von Lohn in 1120 Meter&#8220;"},"content":{"rendered":"<p>P\u00fcnktlich zur Ratssitzung heute erschien auch wieder ein Artikel (von Patrick Nowicki) in der Aachener Zeitung. Schlagzeile: &#8222;Das erste Windrad n\u00f6rdlich von Lohn in 1120 Meter &#8211; Dies zumindest sagt der Technische Beigeordnete G\u00f6dde. FDP und CDU fordern gr\u00f6\u00dferen Abstand. heute Thema im Rat.&#8220;<\/p>\n<p>Die B\u00fcrgerinitiative wird in dem Artikel mehrfach erw\u00e4hnt. Was etwas irref\u00fchrend ist, ist die folgende Aussage von Herrn G\u00f6dde &#8211; Zitat AZ:<\/p>\n<blockquote><p>Sollte n\u00f6rdlich von Fronhoven gebaut werden, dann betr\u00e4gt der Abstand zum n\u00e4chsten Windrad etwa 1120 Meter.<\/p><\/blockquote>\n<p>Das stimmt so leider erst einmal nicht! Wenn der Fl\u00e4chennutzungsplan ohne Ver\u00e4nderung heute Abend im Rat verabschiedet wird, dann kann prinzipiell in einem Abstand von <strong>NUR 600 METER<\/strong> zur Wohnbebauung das erste Windkraftrad erbaut werden. Da kann Herr G\u00f6dde oder der B\u00fcrgermeister Rudi Bertram alles m\u00f6gliche versichern.<\/p>\n<p><span style=\"color: #800000;\">Der B\u00fcrgerinitiative wurde mittlerweile zugetragen, dass es noch andere Bestrebungen von Grundst\u00fcckeigent\u00fcmern gibt, die mit einem anderen Investor in Verbindung gebracht werden. Und diese Investoren m\u00fcssen nur schnell genug sein und das Malheur ist geschehen!<\/span><\/p>\n","protected":false},"excerpt":{"rendered":"<p>P\u00fcnktlich zur Ratssitzung heute erschien auch wieder ein Artikel (von Patrick Nowicki) in der Aachener Zeitung. Schlagzeile: &#8222;Das erste Windrad n\u00f6rdlich von Lohn in 1120 Meter &#8211; Dies zumindest sagt der Technische Beigeordnete G\u00f6dde. FDP und CDU fordern gr\u00f6\u00dferen Abstand. heute Thema im Rat.&#8220; Die B\u00fcrgerinitiative wird in dem Artikel mehrfach erw\u00e4hnt. Was etwas irref\u00fchrend [&hellip;]<\/p>\n","protected":false},"author":1,"featured_media":348,"comment_status":"open","ping_status":"closed","sticky":false,"template":"","format":"standard","meta":{"jetpack_post_was_ever_published":false,"_jetpack_newsletter_access":"","_jetpack_dont_email_post_to_subs":false,"_jetpack_newsletter_tier_id":0,"_jetpack_memberships_contains_paywalled_content":false,"_jetpack_memberships_contains_paid_content":false,"footnotes":"","jetpack_publicize_message":"","jetpack_publicize_feature_enabled":true,"jetpack_social_post_already_shared":true,"jetpack_social_options":{"image_generator_settings":{"template":"highway","default_image_id":0,"font":"","enabled":false},"version":2}},"categories":[2],"tags":[501,587,136,592,106,508,87,588,412,589,593,590,591,594,472,509,560],"class_list":["post-347","post","type-post","status-publish","format-standard","has-post-thumbnail","hentry","category-buergerinitiative-windkraft-mit-abstand","tag-600-meter","tag-aachener-zeitung","tag-artikel","tag-bestrebungen","tag-buergerinitiative","tag-buergermeister","tag-cdu","tag-das-erste-windrad-noerdlich-von-lohn-in-1120-meter","tag-fdp","tag-goedde","tag-grundstueckeigentuemer","tag-investor","tag-malheur","tag-patrick-nowicki","tag-rat","tag-rudi-bertram","tag-technische-beigeordnete"],"jetpack_publicize_connections":[],"jetpack_featured_media_url":"https:\/\/i0.wp.com\/www.fronhoven.de\/wp-content\/uploads\/2015\/06\/6890b35cb0b9232aa667badd22050725.jpg?fit=1200%2C800&ssl=1","jetpack_shortlink":"https:\/\/wp.me\/p65ifD-5B","jetpack_sharing_enabled":true,"_links":{"self":[{"href":"https:\/\/www.fronhoven.de\/index.php?rest_route=\/wp\/v2\/posts\/347","targetHints":{"allow":["GET"]}}],"collection":[{"href":"https:\/\/www.fronhoven.de\/index.php?rest_route=\/wp\/v2\/posts"}],"about":[{"href":"https:\/\/www.fronhoven.de\/index.php?rest_route=\/wp\/v2\/types\/post"}],"author":[{"embeddable":true,"href":"https:\/\/www.fronhoven.de\/index.php?rest_route=\/wp\/v2\/users\/1"}],"replies":[{"embeddable":true,"href":"https:\/\/www.fronhoven.de\/index.php?rest_route=%2Fwp%2Fv2%2Fcomments&post=347"}],"version-history":[{"count":2,"href":"https:\/\/www.fronhoven.de\/index.php?rest_route=\/wp\/v2\/posts\/347\/revisions"}],"predecessor-version":[{"id":350,"href":"https:\/\/www.fronhoven.de\/index.php?rest_route=\/wp\/v2\/posts\/347\/revisions\/350"}],"wp:featuredmedia":[{"embeddable":true,"href":"https:\/\/www.fronhoven.de\/index.php?rest_route=\/wp\/v2\/media\/348"}],"wp:attachment":[{"href":"https:\/\/www.fronhoven.de\/index.php?rest_route=%2Fwp%2Fv2%2Fmedia&parent=347"}],"wp:term":[{"taxonomy":"category","embeddable":true,"href":"https:\/\/www.fronhoven.de\/index.php?rest_route=%2Fwp%2Fv2%2Fcategories&post=347"},{"taxonomy":"post_tag","embeddable":true,"href":"https:\/\/www.fronhoven.de\/index.php?rest_route=%2Fwp%2Fv2%2Ftags&post=347"}],"curies":[{"name":"wp","href":"https:\/\/api.w.org\/{rel}","templated":true}]}}