{"id":352,"date":"2015-06-17T23:30:07","date_gmt":"2015-06-17T21:30:07","guid":{"rendered":"http:\/\/www.fronhoven.de\/?p=352"},"modified":"2015-06-18T15:18:56","modified_gmt":"2015-06-18T13:18:56","slug":"filmpost-252015-offener-brief-der-buergerinitiative-windkraft-mit-abstand","status":"publish","type":"post","link":"https:\/\/www.fronhoven.de\/?p=352","title":{"rendered":"Filmpost 25\/2015: Offener Brief der B\u00fcrgerinitiative \u201eWindkraft mit Abstand\u201c"},"content":{"rendered":"<p>In der heutigen Filmpost (Ausgabe 25\/2015) wurde unser offener Brief ver\u00f6ffentlicht:<\/p>\n<blockquote><p>Eschweiler. Im M\u00e4rz hat sich in Fronhoven\/Neu-Lohn die B\u00fcrgerinitiative \u201eWindkraft mit Abstand\u201c gegr\u00fcndet. Der Hintergrund: Die Stadt Eschweiler m\u00f6chte am n\u00f6rdlichen Rand des<br \/>\nOrtes elf Windenergieanlagen (WEA) mit einer H\u00f6he von 180 bis zu 200 Metern errichten. Zudem sollen in direkter N\u00e4he zum Blausteinsee zu den dort bestehenden Anlagen weiter vier<br \/>\nerrichtet werden. Wie der Name der Initiative bereits vermuten l\u00e4sst, richtet sie sich nicht generell gegen Windkraft, sondern fordert einen deutlich gr\u00f6\u00dferen Abstand der Anlagen zur<br \/>\nWohnbebauung: 2000 statt der geplanten 600 Meter. Unter anderem bef\u00fcrchtet sie gesundheitliche Sch\u00e4den durch Ultra- und Infraschall, Bel\u00e4stigung durch Betriebsger\u00e4usche,<br \/>\nSchattenwurf, einen Wertverlust des Eigentums und die Gef\u00e4hrdung von Flora und Fauna, insbesondere V\u00f6gel. Nach einer Unterschriftensammlung und vielen Gespr\u00e4chen, die die Initiative mit Politikern, der Stadtverwaltung und den Betreibern gef\u00fchrt hat, steht am Mittwoch, 17. Juni, ab 17.30 Uhr im Stadtrat die Abstimmung \u00fcber die entsprechende 2. \u00c4nderung des Fl\u00e4chennutzungsplanes &#8211; Konzentrationszonen f\u00fcr Windenergieanlagen,<br \/>\n\u201eN\u00f6rdlich Fronhoven\u201c an. Zuvor hat die Initiative einen offenen Brief an B\u00fcrgermeister Rudi<br \/>\nBertram und den Beigeordneten Hermann G\u00f6dde formuliert, in dem sie \u201eFakten\u201c auflistet. Aufgrund der F\u00fclle hier ein kurzer Auszug:<br \/>\n&#8211; Da die Stadt Eschweiler bereits 2 Windvorrangzonen f\u00fcr WEA (\u201eHalde Nierchen\u201c und \u201eN\u00f6rdlich Kraftwerk\u201c) besitzt, ist die Ausweisung weiterer Vorrangzonen im Hinblick auf<br \/>\n\u00a7 35 BauGB nicht erforderlich, um einen \u201eWildwuchs\u201c der Anlagen im Stadtgebiet zu verhindern. WEA d\u00fcrfen bereits jetzt nur in den bisherigen Vorrangzonen errichtet werden.<br \/>\n&#8211; Eine Stadt ist nicht verpflichtet, die am \u201ebesten\u201c f\u00fcr WEA geeigneten Bereiche im Sinne einer optimalen F\u00f6rderung der Windenergie auszuweisen, wenn ausreichend gewichtige Belange<br \/>\ngegen die Ausweisung sprechen.<br \/>\n&#8211; Gem\u00e4\u00df \u00a7 1 Abs. 5 BauGB sollen Bauleitpl\u00e4ne (Fl\u00e4chennutzungspl\u00e4ne und Bebauungspl\u00e4ne) \u201edazu beitragen, eine menschenw\u00fcrdige Umwelt zu sichern und die nat\u00fcrlichen Lebensgrundlagen zu sch\u00fctzen \u2026\u201c.<br \/>\n&#8211; Im geplanten Vorranggebiet \u201eN\u00f6rdlich Fronhoven\u201c wurden im Hinblick auf Brutv\u00f6gel insgesamt 66 Vogelarten festgestellt, darunter sind 16 Arten, die in der ROTEN LISTE der in<br \/>\nNRW bestandgef\u00e4hrdeten Brutvogelarten gef\u00fchrt werden.<br \/>\n&#8211; Zahlreiche Mediziner und Wissenschaftler in Deutschland und auch weltweit untersuchen das Ph\u00e4nomen Infraschall durch Windkraftanlagen. Alle neueren Untersuchungen kommen<br \/>\nzweifelsfrei zu dem Schluss, dass Infraschall eine bedeutsame gesundheitliche Gefahr darstellt.<br \/>\n&#8211; Seit Jahrzehnten umringt der Tagebau die Ortschaft mit allen dazugeh\u00f6rigen<br \/>\nBelastungen, wie Staub und L\u00e4rm.<br \/>\n&#8211; Die vorhandene Landstra\u00dfe, die jetzige L11, wurde so nah an den Ort heran geplant, dass selbst die erneuerte L\u00e4rmschutzwand nicht vor L\u00e4rmemissionen sch\u00fctzt.<br \/>\n&#8211; Zus\u00e4tzlich wird der Ort durch die gro\u00dfe Aschedeponie bedr\u00e4ngt. Ausf\u00fchrliche Infos auf der<br \/>\nInternetseite der B\u00fcrgerinitiative: www.fronhoven.de<\/p><\/blockquote>\n<p>Eine digitale Version der Filmpost Ausgabe 25\/2015 findet man unter folgendem Link:<br \/>\n<a href=\"http:\/\/www.filmpost.de\/assets\/files\/filmpost\/Filmpost_25_15.pdf\" target=\"_blank\">http:\/\/www.filmpost.de\/assets\/files\/filmpost\/Filmpost_25_15.pdf<\/a><\/p>\n<p>Auf Seite 28 ist der offene Brief der B\u00fcrgerinitiative abgedruckt bzw. zu finden.<\/p>\n","protected":false},"excerpt":{"rendered":"<p>In der heutigen Filmpost (Ausgabe 25\/2015) wurde unser offener Brief ver\u00f6ffentlicht: Eschweiler. Im M\u00e4rz hat sich in Fronhoven\/Neu-Lohn die B\u00fcrgerinitiative \u201eWindkraft mit Abstand\u201c gegr\u00fcndet. Der Hintergrund: Die Stadt Eschweiler m\u00f6chte am n\u00f6rdlichen Rand des Ortes elf Windenergieanlagen (WEA) mit einer H\u00f6he von 180 bis zu 200 Metern errichten. Zudem sollen in direkter N\u00e4he zum Blausteinsee [&hellip;]<\/p>\n","protected":false},"author":1,"featured_media":322,"comment_status":"open","ping_status":"closed","sticky":false,"template":"","format":"standard","meta":{"jetpack_post_was_ever_published":false,"_jetpack_newsletter_access":"","_jetpack_dont_email_post_to_subs":false,"_jetpack_newsletter_tier_id":0,"_jetpack_memberships_contains_paywalled_content":false,"_jetpack_memberships_contains_paid_content":false,"footnotes":"","jetpack_publicize_message":"","jetpack_publicize_feature_enabled":true,"jetpack_social_post_already_shared":true,"jetpack_social_options":{"image_generator_settings":{"template":"highway","default_image_id":0,"font":"","enabled":false},"version":2}},"categories":[2],"tags":[596,106,595,597,598,105],"class_list":["post-352","post","type-post","status-publish","format-standard","has-post-thumbnail","hentry","category-buergerinitiative-windkraft-mit-abstand","tag-596","tag-buergerinitiative","tag-filmpost","tag-offener-brief","tag-seite-28","tag-windkraft-mit-abstand"],"jetpack_publicize_connections":[],"jetpack_featured_media_url":"https:\/\/i0.wp.com\/www.fronhoven.de\/wp-content\/uploads\/2015\/06\/1bc87157e05b1976bbb4adcb3d1399c5.jpg?fit=1200%2C803&ssl=1","jetpack_shortlink":"https:\/\/wp.me\/p65ifD-5G","jetpack_sharing_enabled":true,"_links":{"self":[{"href":"https:\/\/www.fronhoven.de\/index.php?rest_route=\/wp\/v2\/posts\/352","targetHints":{"allow":["GET"]}}],"collection":[{"href":"https:\/\/www.fronhoven.de\/index.php?rest_route=\/wp\/v2\/posts"}],"about":[{"href":"https:\/\/www.fronhoven.de\/index.php?rest_route=\/wp\/v2\/types\/post"}],"author":[{"embeddable":true,"href":"https:\/\/www.fronhoven.de\/index.php?rest_route=\/wp\/v2\/users\/1"}],"replies":[{"embeddable":true,"href":"https:\/\/www.fronhoven.de\/index.php?rest_route=%2Fwp%2Fv2%2Fcomments&post=352"}],"version-history":[{"count":3,"href":"https:\/\/www.fronhoven.de\/index.php?rest_route=\/wp\/v2\/posts\/352\/revisions"}],"predecessor-version":[{"id":355,"href":"https:\/\/www.fronhoven.de\/index.php?rest_route=\/wp\/v2\/posts\/352\/revisions\/355"}],"wp:featuredmedia":[{"embeddable":true,"href":"https:\/\/www.fronhoven.de\/index.php?rest_route=\/wp\/v2\/media\/322"}],"wp:attachment":[{"href":"https:\/\/www.fronhoven.de\/index.php?rest_route=%2Fwp%2Fv2%2Fmedia&parent=352"}],"wp:term":[{"taxonomy":"category","embeddable":true,"href":"https:\/\/www.fronhoven.de\/index.php?rest_route=%2Fwp%2Fv2%2Fcategories&post=352"},{"taxonomy":"post_tag","embeddable":true,"href":"https:\/\/www.fronhoven.de\/index.php?rest_route=%2Fwp%2Fv2%2Ftags&post=352"}],"curies":[{"name":"wp","href":"https:\/\/api.w.org\/{rel}","templated":true}]}}