{"id":358,"date":"2015-06-17T23:30:32","date_gmt":"2015-06-17T21:30:32","guid":{"rendered":"http:\/\/www.fronhoven.de\/?p=358"},"modified":"2015-06-24T15:40:37","modified_gmt":"2015-06-24T13:40:37","slug":"ratssitzung-am-17-juni-2015","status":"publish","type":"post","link":"https:\/\/www.fronhoven.de\/?p=358","title":{"rendered":"Ratssitzung am 17. Juni 2015"},"content":{"rendered":"<p>Heute war es soweit: heute wurde im Rat u.a. die Entscheidung getroffen, ob nun die zweite \u00c4nderung des Fl\u00e4chennutzungsplanes durchgef\u00fchrt werden soll oder nicht. Um 17:37 Uhr er\u00f6ffnete unser B\u00fcrgermeister Rudi Bertram die Ratssitzung. Nachdem die Tagesordnungspunkte (TOP) 1 &#8211; 7 abgearbeitet waren, kam es zum Thema Windkraftanlagen.<\/p>\n<p>Sowohl die FDP, wie auch die CDU haben \u00c4nderungsw\u00fcnsche zur \u00c4nderung des Fl\u00e4chennutzungsplanes vorgestellt &#8211; beide leider wie sich im Nachhinein herausstellte, ohne Erfolg, denn kein der beiden \u00c4nderungsw\u00fcnsche wurden verabschiedet. So kam es dann, wie es kommen musste, zur Abstimmung, bei der durch die Mehrheit von SPD, Gr\u00fcne und Linke die \u00c4nderung des FNPs verabschiedet wurde &#8211; zum Leitwesen der B\u00fcrgerinnen und B\u00fcrger Fronhoven\/Neu-Lohns. Zuvor wurde viel diskutiert und erz\u00e4hlt, auch die B\u00fcrgerinitiative wurde mehrfach (lobend) erw\u00e4hnt.<\/p>\n<p>Nun gilt es erst einmal nicht den Kopf in den Sand zu stecken. Wir von der B\u00fcrgerinitiative werden weiterhin versuchen, die Interessen der B\u00fcrgerinnen und B\u00fcrger umzusetzen. Wir haben da auch schon konkrete Ideen\/Aufgaben und werden diese nun nacheinander angehen. Alles Weitere lesen Sie dann bald wieder hier auf der Webseite.<\/p>\n","protected":false},"excerpt":{"rendered":"<p>Heute war es soweit: heute wurde im Rat u.a. die Entscheidung getroffen, ob nun die zweite \u00c4nderung des Fl\u00e4chennutzungsplanes durchgef\u00fchrt werden soll oder nicht. Um 17:37 Uhr er\u00f6ffnete unser B\u00fcrgermeister Rudi Bertram die Ratssitzung. Nachdem die Tagesordnungspunkte (TOP) 1 &#8211; 7 abgearbeitet waren, kam es zum Thema Windkraftanlagen. Sowohl die FDP, wie auch die CDU [&hellip;]<\/p>\n","protected":false},"author":1,"featured_media":361,"comment_status":"open","ping_status":"closed","sticky":false,"template":"","format":"standard","meta":{"jetpack_post_was_ever_published":false,"_jetpack_newsletter_access":"","_jetpack_dont_email_post_to_subs":false,"_jetpack_newsletter_tier_id":0,"_jetpack_memberships_contains_paywalled_content":false,"_jetpack_memberships_contains_paid_content":false,"footnotes":"","jetpack_publicize_message":"","jetpack_publicize_feature_enabled":true,"jetpack_social_post_already_shared":true,"jetpack_social_options":{"image_generator_settings":{"template":"highway","default_image_id":0,"font":"","enabled":false},"version":2}},"categories":[2],"tags":[603,600,602,466,41,106,508,87,196,609,601,412,477,607,608,9,606,610,10,605,472,599,509,101,604,5],"class_list":["post-358","post","type-post","status-publish","format-standard","has-post-thumbnail","hentry","category-buergerinitiative-windkraft-mit-abstand","tag-1737-uhr","tag-17-juni-2015","tag-2-aenderung","tag-bergerinnen","tag-buerger","tag-buergerinitiative","tag-buergermeister","tag-cdu","tag-die-linke","tag-diskutiert","tag-entscheidung","tag-fdp","tag-flaechennutzungsplans","tag-fnp","tag-fnps","tag-fronhoven","tag-gruene","tag-ideen","tag-neu-lohn","tag-ohne-erfolg","tag-rat","tag-ratssitzung","tag-rudi-bertram","tag-spd","tag-top","tag-windkraftanlagen"],"jetpack_publicize_connections":[],"jetpack_featured_media_url":"https:\/\/i0.wp.com\/www.fronhoven.de\/wp-content\/uploads\/2015\/06\/IMG_20150617_174442.jpg?fit=4128%2C3096&ssl=1","jetpack_shortlink":"https:\/\/wp.me\/p65ifD-5M","jetpack_sharing_enabled":true,"_links":{"self":[{"href":"https:\/\/www.fronhoven.de\/index.php?rest_route=\/wp\/v2\/posts\/358","targetHints":{"allow":["GET"]}}],"collection":[{"href":"https:\/\/www.fronhoven.de\/index.php?rest_route=\/wp\/v2\/posts"}],"about":[{"href":"https:\/\/www.fronhoven.de\/index.php?rest_route=\/wp\/v2\/types\/post"}],"author":[{"embeddable":true,"href":"https:\/\/www.fronhoven.de\/index.php?rest_route=\/wp\/v2\/users\/1"}],"replies":[{"embeddable":true,"href":"https:\/\/www.fronhoven.de\/index.php?rest_route=%2Fwp%2Fv2%2Fcomments&post=358"}],"version-history":[{"count":2,"href":"https:\/\/www.fronhoven.de\/index.php?rest_route=\/wp\/v2\/posts\/358\/revisions"}],"predecessor-version":[{"id":360,"href":"https:\/\/www.fronhoven.de\/index.php?rest_route=\/wp\/v2\/posts\/358\/revisions\/360"}],"wp:featuredmedia":[{"embeddable":true,"href":"https:\/\/www.fronhoven.de\/index.php?rest_route=\/wp\/v2\/media\/361"}],"wp:attachment":[{"href":"https:\/\/www.fronhoven.de\/index.php?rest_route=%2Fwp%2Fv2%2Fmedia&parent=358"}],"wp:term":[{"taxonomy":"category","embeddable":true,"href":"https:\/\/www.fronhoven.de\/index.php?rest_route=%2Fwp%2Fv2%2Fcategories&post=358"},{"taxonomy":"post_tag","embeddable":true,"href":"https:\/\/www.fronhoven.de\/index.php?rest_route=%2Fwp%2Fv2%2Ftags&post=358"}],"curies":[{"name":"wp","href":"https:\/\/api.w.org\/{rel}","templated":true}]}}