{"id":364,"date":"2015-06-18T20:00:06","date_gmt":"2015-06-18T18:00:06","guid":{"rendered":"http:\/\/www.fronhoven.de\/?p=364"},"modified":"2015-06-25T12:57:10","modified_gmt":"2015-06-25T10:57:10","slug":"aachener-zeitung-artikel-stadtrat-gibt-windraedern-bei-lohn-seinen-segen","status":"publish","type":"post","link":"https:\/\/www.fronhoven.de\/?p=364","title":{"rendered":"Aachener Zeitung &#8211; Artikel &#8222;Stadtrat gibt Windr\u00e4dern bei Lohn seinen Segen&#8220;"},"content":{"rendered":"<p>Am 18. Juni erschien der Artikel &#8222;Stadtrat gibt Windr\u00e4dern bei Lohn seinen Segen&#8220; \u00fcber die Ratssitzung am Vortag. Hier ein Auszug:<\/p>\n<blockquote><p>Die Zahl der Zuschauer im Ratssaal lie\u00df am Mittwochabend die Bedeutung der Sitzung erahnen. Kernpunkt des Interesses war offensichtlich die Entscheidung zum Windpark n\u00f6rdlich von Lohn und Fronhoven. Nach langer Diskussion brachte die Mehrheit den Fl\u00e4chennutzungsplan auf den Weg, der grunds\u00e4tzlich Windenergieanlagen an der Grenze zur Gemeinde Aldenhoven zul\u00e4sst.\u00a0 CDU, FDP, UWG und der Vertreter der Piratenpartei stimmten dagegen. Dass die CDU dann letztlich f\u00fcr den Bebauungsplan votierte, begr\u00fcndete Ratsherr Marc M\u00fcller auch damit, dass in diesem Verfahren den B\u00fcrgern die M\u00f6glichkeit gegeben sei, ihre Bedenken juristisch einzubringen.<\/p>\n<p>Die Union setzte sich zuvor daf\u00fcr ein, die Fl\u00e4che f\u00fcr potenzielle Windanlagen dort im Fl\u00e4chennutzungsplan zu verringern, um einen ausreichenden Abstand zu den Wohnh\u00e4usern zu sichern. Diesen Plan will die Verwaltung nicht anpassen. \u201eDann m\u00fcssen wir das ganze Verfahren wieder neu aufrollen, das wirft uns um zwei Jahre zur\u00fcck\u201c, entgegnete der Technische Beigeordnete Hermann G\u00f6dde.\u00a0 Die Sozialdemokraten schlugen sich auf seine Seite. Jede Energieform berge Nachteile. \u201eWir k\u00f6nnen noch im Bebauungsplanverfahren die H\u00f6he und Entfernung der Anlagen festlegen\u201c, argumentierte die SPD-Fraktionsvorsitzende Nadine Leonardt. \u00c4hnlich sah dies Dietmar Widell von B\u00fcndnis 90\/Die Gr\u00fcnen: \u201eDer B-Plan ist die Chance f\u00fcr die Juristerei.\u201c<\/p>\n<p>&#8230;<\/p>\n<p>Grunds\u00e4tzlich gegen Windenergieanlagen dort sprachen sich Piraten und UWG aus. Erich Spies (UWG) nannte \u201egrunds\u00e4tzliche Bedenken\u201c und \u201egesundheitliche Beeintr\u00e4chtigungen durch Infraschall\u201c. Die von der Stadt als Mindestabstand genannten 600 Meter seien in seinen Augen f\u00fcr die gro\u00dfen Anlagen nicht ausreichend.<\/p>\n<p>&#8230;<\/p>\n<div>Was \u00fcbrigens alle Parteien mitteilten: \u201eWir nehmen die Bedenken der B\u00fcrgerinitiative sehr ernst\u201c, war der wohl h\u00e4ufigste Satz am Mittwochabend.<\/div>\n<\/blockquote>\n<p>Ja, die B\u00fcrgerinitiative wurde tats\u00e4chlich h\u00e4ufig genannt . Gebracht hat uns das aber erst einmal noch nichts. Wir sind sehr auf den B-Plan gespannt!<\/p>\n<p>Artikel von: pan (Aachener Zeitung)<br \/>\nVollst\u00e4ndiger Artikel \/ Quelle: <a href=\"http:\/\/www.aachener-zeitung.de\/lokales\/eschweiler\/stadtrat-gibt-windraedern-bei-lohn-seinen-segen-1.1116659\" target=\"_blank\">http:\/\/www.aachener-zeitung.de\/lokales\/eschweiler\/stadtrat-gibt-windraedern-bei-lohn-seinen-segen-1.1116659<\/a><\/p>\n","protected":false},"excerpt":{"rendered":"<p>Am 18. Juni erschien der Artikel &#8222;Stadtrat gibt Windr\u00e4dern bei Lohn seinen Segen&#8220; \u00fcber die Ratssitzung am Vortag. Hier ein Auszug: Die Zahl der Zuschauer im Ratssaal lie\u00df am Mittwochabend die Bedeutung der Sitzung erahnen. Kernpunkt des Interesses war offensichtlich die Entscheidung zum Windpark n\u00f6rdlich von Lohn und Fronhoven. Nach langer Diskussion brachte die Mehrheit [&hellip;]<\/p>\n","protected":false},"author":1,"featured_media":365,"comment_status":"open","ping_status":"closed","sticky":false,"template":"","format":"standard","meta":{"jetpack_post_was_ever_published":false,"_jetpack_newsletter_access":"","_jetpack_dont_email_post_to_subs":false,"_jetpack_newsletter_tier_id":0,"_jetpack_memberships_contains_paywalled_content":false,"_jetpack_memberships_contains_paid_content":false,"footnotes":"","jetpack_publicize_message":"","jetpack_publicize_feature_enabled":true,"jetpack_social_post_already_shared":true,"jetpack_social_options":{"image_generator_settings":{"template":"highway","default_image_id":0,"font":"","enabled":false},"version":2}},"categories":[2],"tags":[587,504,536,106,87,537,334,535,83,412,481,599,534],"class_list":["post-364","post","type-post","status-publish","format-standard","has-post-thumbnail","hentry","category-buergerinitiative-windkraft-mit-abstand","tag-aachener-zeitung","tag-b-plan","tag-buendnis-90","tag-buergerinitiative","tag-cdu","tag-die-gruenen","tag-die-piraten","tag-dietmar-widell","tag-eschweiler-zeitung","tag-fdp","tag-nadine-leonhardt","tag-ratssitzung","tag-uwg"],"jetpack_publicize_connections":[],"jetpack_featured_media_url":"https:\/\/i0.wp.com\/www.fronhoven.de\/wp-content\/uploads\/2015\/06\/IMG_20150625_124336.jpg?fit=4128%2C3096&ssl=1","jetpack_shortlink":"https:\/\/wp.me\/p65ifD-5S","jetpack_sharing_enabled":true,"_links":{"self":[{"href":"https:\/\/www.fronhoven.de\/index.php?rest_route=\/wp\/v2\/posts\/364","targetHints":{"allow":["GET"]}}],"collection":[{"href":"https:\/\/www.fronhoven.de\/index.php?rest_route=\/wp\/v2\/posts"}],"about":[{"href":"https:\/\/www.fronhoven.de\/index.php?rest_route=\/wp\/v2\/types\/post"}],"author":[{"embeddable":true,"href":"https:\/\/www.fronhoven.de\/index.php?rest_route=\/wp\/v2\/users\/1"}],"replies":[{"embeddable":true,"href":"https:\/\/www.fronhoven.de\/index.php?rest_route=%2Fwp%2Fv2%2Fcomments&post=364"}],"version-history":[{"count":1,"href":"https:\/\/www.fronhoven.de\/index.php?rest_route=\/wp\/v2\/posts\/364\/revisions"}],"predecessor-version":[{"id":366,"href":"https:\/\/www.fronhoven.de\/index.php?rest_route=\/wp\/v2\/posts\/364\/revisions\/366"}],"wp:featuredmedia":[{"embeddable":true,"href":"https:\/\/www.fronhoven.de\/index.php?rest_route=\/wp\/v2\/media\/365"}],"wp:attachment":[{"href":"https:\/\/www.fronhoven.de\/index.php?rest_route=%2Fwp%2Fv2%2Fmedia&parent=364"}],"wp:term":[{"taxonomy":"category","embeddable":true,"href":"https:\/\/www.fronhoven.de\/index.php?rest_route=%2Fwp%2Fv2%2Fcategories&post=364"},{"taxonomy":"post_tag","embeddable":true,"href":"https:\/\/www.fronhoven.de\/index.php?rest_route=%2Fwp%2Fv2%2Ftags&post=364"}],"curies":[{"name":"wp","href":"https:\/\/api.w.org\/{rel}","templated":true}]}}