{"id":370,"date":"2015-07-09T13:16:00","date_gmt":"2015-07-09T11:16:00","guid":{"rendered":"http:\/\/www.fronhoven.de\/?p=370"},"modified":"2015-07-09T13:16:00","modified_gmt":"2015-07-09T11:16:00","slug":"riesenwindraeder-in-neuss-hoisten-vorerst-gestoppt","status":"publish","type":"post","link":"https:\/\/www.fronhoven.de\/?p=370","title":{"rendered":"Riesenwindr\u00e4der in Neuss-Hoisten vorerst gestoppt"},"content":{"rendered":"<p>Nach einem Zeitungsartikel der Aachener Zeitung werden in Neuss-Hoisten die geplanten Windkraftanlagen mit H\u00f6hen von 149 bzw. 179 Meter vorerst nicht gebaut werden. Die Genehmigung dieser Anlagen sei rechtswidrig, wie das Verwaltungsgericht D\u00fcsseldorf (AZ: 10 L 1295\/15) mitteilte.<\/p>\n<p>Ein Anwohner hatte sich per Antrag gegen die Errichtung der WEA&#8217;s gewehrt. Neben der optisch bedr\u00e4ngenden Wirkung begr\u00fcndeten die Richter des Verwaltungsgerichts den Beschluss mit der zu hohen Ger\u00e4uschbelastung durch die WEA&#8217;s.<\/p>\n<blockquote><p>Zitat der AZ: Der Richtwert f\u00fcr eine n\u00e4chtliche Ger\u00e4uscheinwirkung in reinen Wohngebieten leigt dem Gericht zufolge bei 35 Dezibel. Nach der im Genehmigungsverfahren vorgelegten Schallimmissionsprognose ist dort jedoch eine Gesamtbelastung von 39 Dezibel zu erwarten. (epd)<\/p><\/blockquote>\n<p>Das macht uns nat\u00fcrlich erneut hellh\u00f6rig. Wir werden hier weiterhin die Augen und Ohren offen halten.<\/p>\n","protected":false},"excerpt":{"rendered":"<p>Nach einem Zeitungsartikel der Aachener Zeitung werden in Neuss-Hoisten die geplanten Windkraftanlagen mit H\u00f6hen von 149 bzw. 179 Meter vorerst nicht gebaut werden. Die Genehmigung dieser Anlagen sei rechtswidrig, wie das Verwaltungsgericht D\u00fcsseldorf (AZ: 10 L 1295\/15) mitteilte. Ein Anwohner hatte sich per Antrag gegen die Errichtung der WEA&#8217;s gewehrt. Neben der optisch bedr\u00e4ngenden Wirkung [&hellip;]<\/p>\n","protected":false},"author":1,"featured_media":371,"comment_status":"open","ping_status":"closed","sticky":false,"template":"","format":"standard","meta":{"jetpack_post_was_ever_published":false,"_jetpack_newsletter_access":"","_jetpack_dont_email_post_to_subs":false,"_jetpack_newsletter_tier_id":0,"_jetpack_memberships_contains_paywalled_content":false,"_jetpack_memberships_contains_paid_content":false,"footnotes":"","jetpack_publicize_message":"","jetpack_publicize_feature_enabled":true,"jetpack_social_post_already_shared":true,"jetpack_social_options":{"image_generator_settings":{"template":"highway","default_image_id":0,"font":"","enabled":false},"version":2}},"categories":[2],"tags":[613,614,620,619,587,616,623,618,611,612,621,615,622,6,617],"class_list":["post-370","post","type-post","status-publish","format-standard","has-post-thumbnail","hentry","category-buergerinitiative-windkraft-mit-abstand","tag-149-meter","tag-179-meter","tag-35-dezibel","tag-39-dezibel","tag-aachener-zeitung","tag-az-10-l-129515","tag-duesseldorf","tag-gesamtbelastung","tag-neuss","tag-neuss-hoisten","tag-rechtswidrig","tag-stadtwerke-neuss","tag-verwaltungsgericht","tag-wea","tag-wohngebiet"],"jetpack_publicize_connections":[],"jetpack_featured_media_url":"https:\/\/i0.wp.com\/www.fronhoven.de\/wp-content\/uploads\/2015\/07\/AZ-WEA-Neuss.jpg?fit=640%2C480&ssl=1","jetpack_shortlink":"https:\/\/wp.me\/p65ifD-5Y","jetpack_sharing_enabled":true,"_links":{"self":[{"href":"https:\/\/www.fronhoven.de\/index.php?rest_route=\/wp\/v2\/posts\/370","targetHints":{"allow":["GET"]}}],"collection":[{"href":"https:\/\/www.fronhoven.de\/index.php?rest_route=\/wp\/v2\/posts"}],"about":[{"href":"https:\/\/www.fronhoven.de\/index.php?rest_route=\/wp\/v2\/types\/post"}],"author":[{"embeddable":true,"href":"https:\/\/www.fronhoven.de\/index.php?rest_route=\/wp\/v2\/users\/1"}],"replies":[{"embeddable":true,"href":"https:\/\/www.fronhoven.de\/index.php?rest_route=%2Fwp%2Fv2%2Fcomments&post=370"}],"version-history":[{"count":3,"href":"https:\/\/www.fronhoven.de\/index.php?rest_route=\/wp\/v2\/posts\/370\/revisions"}],"predecessor-version":[{"id":374,"href":"https:\/\/www.fronhoven.de\/index.php?rest_route=\/wp\/v2\/posts\/370\/revisions\/374"}],"wp:featuredmedia":[{"embeddable":true,"href":"https:\/\/www.fronhoven.de\/index.php?rest_route=\/wp\/v2\/media\/371"}],"wp:attachment":[{"href":"https:\/\/www.fronhoven.de\/index.php?rest_route=%2Fwp%2Fv2%2Fmedia&parent=370"}],"wp:term":[{"taxonomy":"category","embeddable":true,"href":"https:\/\/www.fronhoven.de\/index.php?rest_route=%2Fwp%2Fv2%2Fcategories&post=370"},{"taxonomy":"post_tag","embeddable":true,"href":"https:\/\/www.fronhoven.de\/index.php?rest_route=%2Fwp%2Fv2%2Ftags&post=370"}],"curies":[{"name":"wp","href":"https:\/\/api.w.org\/{rel}","templated":true}]}}