{"id":378,"date":"2015-07-10T11:32:04","date_gmt":"2015-07-10T09:32:04","guid":{"rendered":"http:\/\/www.fronhoven.de\/?p=378"},"modified":"2015-07-10T11:34:20","modified_gmt":"2015-07-10T09:34:20","slug":"aachener-zeitung-eschweiler-2035","status":"publish","type":"post","link":"https:\/\/www.fronhoven.de\/?p=378","title":{"rendered":"Aachener Zeitung: Eschweiler 2035"},"content":{"rendered":"<h2>ESCHWEILER 2035 &#8211; Ein Blick in die Zukunft mit Augenzwinkern<\/h2>\n<h6>Patrick Nowicki<\/h6>\n<blockquote><p>Wer vermag schon, in die Zukunft zu blicken? Ich versuche es dennoch und blicke mit einem Augenzwinkern und nicht immer ganz so ernst gemeint auf Eschweiler des Jahres 2035, also f\u00fcnf Jahre nach Ende der Braunkohle:<\/p>\n<p>Alarm vom Blausteinsee, weil RWE kein Wasser mehr in den See pumpt, sinkt der Pagel bedrohlich. Der Segelklub Eschweiler hat schon seinen Umzug zum Indesee angek\u00fcndigt. Die Stadtverwaltung plant nun, die Inde in den See umzulegen. Dies ruft den Protest der Umweltverb\u00e4nde hervor, die sich um die Armleuchteralgen sorgen. In der Indestadt ist die Sanierung abgeschlossen. Die von der SPD-Mehrheit durchgesetzte Unterf\u00fchrung unter der Indestra\u00dfe soll auf Vorschlag der Genossen den Namen &#8222;Rudi-Bertram-Tunnel&#8220; tragen. Der 81-j\u00e4hrige B\u00fcrgermeister f\u00fchlt sich geehrt. Da niemand gegen Bertram bei Wahlen antreten wollte, wird er seit 2019 per Akklamation im Rathaus best\u00e4tigt. Im Stadtrat herrscht seit der Kommunalwahl vor einem Jahr eine gro\u00dfe Koalition aus SPD und FDP. Sie schafft es, die Windkraftgegner in Neu-Lohn und Fronhoven endlich zu bes\u00e4nftigen. Nach 127 Klagen gegen den Windpark erzielt man einen Kompromiss au\u00dferhalb des Gerichtssaals: Die Propeller k\u00f6nnen gebaut werden, d\u00fcrfen allerdings nur Richtung Aldenhoven zeigen. Deim Eschweiler Music Festival tritt zum 44-j\u00e4hrigen Bestehen Brings mit ihrer neuen CD &#8222;Ohne Z\u00e4ng huch die H\u00e4ng&#8220; auf. Im Rahmenprogramm bei &#8222;Jugend rockt&#8220; sind Bata Ilic, Costa Cordalis und Howard Carpendale zu h\u00f6ren. Die Menge ist begeistert, da der Altersdurchschnitt der Indest\u00e4dter auf 56 Jahre angewachsen ist &#8211; die Zahlreichen Seniorenresidenzen machen es m\u00f6glich. Die B\u00fcrgerinitiative &#8222;Ortsumgehung Pumpe&#8220; erreicht ein Etappenziel: Sie erh\u00e4lt einen Termin bei der neuen Verkehrsministerin. Dort erkl\u00e4rt man den Pumper B\u00fcrgern, dass bald ohnehin nur noch E-Mobile durch den Ort fahren und somit kein Dreck und L\u00e4rm mehr entstehen. Die Initiative denk dar\u00fcber nach, gegen Elektrosmog zu demonstrieren. Das Kraftwerk Weisweiler soll als Industriedenkmal stehen bleiben. Die ehemalige Turbinenhalle will man als Veranstaltungsort nutzen. Was allerdings aus den legionallen-belasteten K\u00fchlt\u00fcrmen wird, muss noch gekl\u00e4rt werden. Zwei Bauvorhaben gehen in die finale Planungsphase: Die Deutsche Elektrobahn erkl\u00e4rt, dass sie sich doch an der Aufweitung des Sticher Tunnels beteiligt. Aber erst, wenn der Kreisverkehr am Langwahn fertig ist. Das ist f\u00fcr 2048 vorgesehen&#8230;<\/p><\/blockquote>\n<p>An dieser Stelle nochmals Lob f\u00fcr den gelungenen Artikel und f\u00fcr die Genehmigung der Ver\u00f6ffentlichung auf unserer Webseite an Herrn Nowicki.<\/p>\n<p>Quelle: <a href=\"mailto:patrick.nowicki@zeitungsverlag-aachen.de\" target=\"_blank\">Aachener Zeitung\/Aachener Nachrichten &#8211; Patrick Nowicki<\/a><\/p>\n","protected":false},"excerpt":{"rendered":"<p>ESCHWEILER 2035 &#8211; Ein Blick in die Zukunft mit Augenzwinkern Patrick Nowicki Wer vermag schon, in die Zukunft zu blicken? Ich versuche es dennoch und blicke mit einem Augenzwinkern und nicht immer ganz so ernst gemeint auf Eschweiler des Jahres 2035, also f\u00fcnf Jahre nach Ende der Braunkohle: Alarm vom Blausteinsee, weil RWE kein Wasser [&hellip;]<\/p>\n","protected":false},"author":1,"featured_media":382,"comment_status":"open","ping_status":"closed","sticky":false,"template":"","format":"standard","meta":{"jetpack_post_was_ever_published":false,"_jetpack_newsletter_access":"","_jetpack_dont_email_post_to_subs":false,"_jetpack_newsletter_tier_id":0,"_jetpack_memberships_contains_paywalled_content":false,"_jetpack_memberships_contains_paid_content":false,"footnotes":"","jetpack_publicize_message":"","jetpack_publicize_feature_enabled":true,"jetpack_social_post_already_shared":true,"jetpack_social_options":{"image_generator_settings":{"template":"highway","default_image_id":0,"font":"","enabled":false},"version":2}},"categories":[2],"tags":[624],"class_list":["post-378","post","type-post","status-publish","format-standard","has-post-thumbnail","hentry","category-buergerinitiative-windkraft-mit-abstand","tag-eschweiler-2035"],"jetpack_publicize_connections":[],"jetpack_featured_media_url":"https:\/\/i0.wp.com\/www.fronhoven.de\/wp-content\/uploads\/2015\/07\/Zeitungsartikel-Eschweiler-2035-Beitragsbild.png?fit=378%2C120&ssl=1","jetpack_shortlink":"https:\/\/wp.me\/p65ifD-66","jetpack_sharing_enabled":true,"_links":{"self":[{"href":"https:\/\/www.fronhoven.de\/index.php?rest_route=\/wp\/v2\/posts\/378","targetHints":{"allow":["GET"]}}],"collection":[{"href":"https:\/\/www.fronhoven.de\/index.php?rest_route=\/wp\/v2\/posts"}],"about":[{"href":"https:\/\/www.fronhoven.de\/index.php?rest_route=\/wp\/v2\/types\/post"}],"author":[{"embeddable":true,"href":"https:\/\/www.fronhoven.de\/index.php?rest_route=\/wp\/v2\/users\/1"}],"replies":[{"embeddable":true,"href":"https:\/\/www.fronhoven.de\/index.php?rest_route=%2Fwp%2Fv2%2Fcomments&post=378"}],"version-history":[{"count":2,"href":"https:\/\/www.fronhoven.de\/index.php?rest_route=\/wp\/v2\/posts\/378\/revisions"}],"predecessor-version":[{"id":381,"href":"https:\/\/www.fronhoven.de\/index.php?rest_route=\/wp\/v2\/posts\/378\/revisions\/381"}],"wp:featuredmedia":[{"embeddable":true,"href":"https:\/\/www.fronhoven.de\/index.php?rest_route=\/wp\/v2\/media\/382"}],"wp:attachment":[{"href":"https:\/\/www.fronhoven.de\/index.php?rest_route=%2Fwp%2Fv2%2Fmedia&parent=378"}],"wp:term":[{"taxonomy":"category","embeddable":true,"href":"https:\/\/www.fronhoven.de\/index.php?rest_route=%2Fwp%2Fv2%2Fcategories&post=378"},{"taxonomy":"post_tag","embeddable":true,"href":"https:\/\/www.fronhoven.de\/index.php?rest_route=%2Fwp%2Fv2%2Ftags&post=378"}],"curies":[{"name":"wp","href":"https:\/\/api.w.org\/{rel}","templated":true}]}}