{"id":38,"date":"2015-04-09T07:00:02","date_gmt":"2015-04-09T05:00:02","guid":{"rendered":"http:\/\/www.fronhoven.de\/?p=38"},"modified":"2015-04-23T10:09:02","modified_gmt":"2015-04-23T08:09:02","slug":"buergerinitiative-windkraft-mit-abstand","status":"publish","type":"post","link":"https:\/\/www.fronhoven.de\/?p=38","title":{"rendered":"B\u00fcrgerinitiative &#8222;Windkraft mit Abstand&#8220;"},"content":{"rendered":"<p>Am 13. M\u00e4rz 2015 haben Heinz Rinkens, Berthold Braun und Marcel Cuvelier die B\u00fcrgerinitiative &#8222;Windkraft mit Abstand&#8220; gegr\u00fcndet. Die Motivation dieser B\u00fcrgerinitiative:<\/p>\n<blockquote><p>Wir sind nicht gegen Windkraft \u2013 ganz im Gegenteil! Wir bef\u00fcrworten den Ausbau von erneuerbaren Energien sogar ausdr\u00fccklich. Wir m\u00f6chten nur, dass die Windenergieanlagen in einem angemessenen Abstand zu den Wohnh\u00e4usern gebaut werden, damit die Anwohner nicht gest\u00f6rt oder sogar krank werden.<\/p><\/blockquote>\n<p>Wir fordern die Einhaltung von einem Mindestabstandes von 2000 m (das entspricht der zehnfachen H\u00f6he der geplanten Windkraftanlagen) zu unserem Ort. Aufgrund einer politische Initiative Bayerns hin hat der Gesetzgeber mit \u00a7 249a BauGB eine Regelung geschaffen, mit der die Bundesl\u00e4nder die planungsrechtliche Privilegierung von Windkraftanlagen im Au\u00dfenbereich einschr\u00e4nken k\u00f6nnen. Von dieser Befugnis hat der Freistaat Bayern durch Einf\u00fcgung des Art. 82 Abs. 1 \u2013 5 Bayerische Bauordnung Gebrauch gemacht. Nach dieser Vorschrift wird \u00a7 35 Abs. 1 Nr. 5 BauGB f\u00fcr Vorhaben, die der Nutzung der Windenergie dienen, nur Anwendung, wenn diese Vorhaben einen Mindestabstand vom 10-fachen ihrer H\u00f6he zu Wohngeb\u00e4uden einhalten.<\/p>\n<p>Auf der folgenden Karte (Ma\u00dfstab 1:10000) sehen Sie die geplanten Windenergieanlagen WEA 11 &#8211; 21 und einen entsprechenden Abstandsradius (800 m, 1000 m, 1200 m, 1500 m und 2000 m) zum n\u00f6rdlichsten Wohnhaus in Fronhoven:<\/p>\n<p><a href=\"https:\/\/i0.wp.com\/www.fronhoven.de\/wp-content\/uploads\/2015\/04\/WEA-Abstandradius-verkleinert.jpg?ssl=1\"><img data-recalc-dims=\"1\" loading=\"lazy\" decoding=\"async\" data-attachment-id=\"42\" data-permalink=\"https:\/\/www.fronhoven.de\/?attachment_id=42\" data-orig-file=\"https:\/\/i0.wp.com\/www.fronhoven.de\/wp-content\/uploads\/2015\/04\/WEA-Abstandradius-verkleinert.jpg?fit=2295%2C1738&amp;ssl=1\" data-orig-size=\"2295,1738\" data-comments-opened=\"1\" data-image-meta=\"{&quot;aperture&quot;:&quot;0&quot;,&quot;credit&quot;:&quot;&quot;,&quot;camera&quot;:&quot;&quot;,&quot;caption&quot;:&quot;&quot;,&quot;created_timestamp&quot;:&quot;0&quot;,&quot;copyright&quot;:&quot;&quot;,&quot;focal_length&quot;:&quot;0&quot;,&quot;iso&quot;:&quot;0&quot;,&quot;shutter_speed&quot;:&quot;0&quot;,&quot;title&quot;:&quot;&quot;,&quot;orientation&quot;:&quot;0&quot;}\" data-image-title=\"WEA Abstandradius verkleinert\" data-image-description=\"\" data-image-caption=\"\" data-large-file=\"https:\/\/i0.wp.com\/www.fronhoven.de\/wp-content\/uploads\/2015\/04\/WEA-Abstandradius-verkleinert.jpg?fit=1024%2C775&amp;ssl=1\" class=\"aligncenter wp-image-42 size-large\" src=\"https:\/\/i0.wp.com\/www.fronhoven.de\/wp-content\/uploads\/2015\/04\/WEA-Abstandradius-verkleinert.jpg?resize=625%2C473&#038;ssl=1\" alt=\"WEA Abstandradius verkleinert\" width=\"625\" height=\"473\" srcset=\"https:\/\/i0.wp.com\/www.fronhoven.de\/wp-content\/uploads\/2015\/04\/WEA-Abstandradius-verkleinert.jpg?resize=1024%2C775&amp;ssl=1 1024w, https:\/\/i0.wp.com\/www.fronhoven.de\/wp-content\/uploads\/2015\/04\/WEA-Abstandradius-verkleinert.jpg?resize=300%2C227&amp;ssl=1 300w, https:\/\/i0.wp.com\/www.fronhoven.de\/wp-content\/uploads\/2015\/04\/WEA-Abstandradius-verkleinert.jpg?resize=624%2C473&amp;ssl=1 624w, https:\/\/i0.wp.com\/www.fronhoven.de\/wp-content\/uploads\/2015\/04\/WEA-Abstandradius-verkleinert.jpg?w=2000&amp;ssl=1 2000w\" sizes=\"auto, (max-width: 625px) 100vw, 625px\" \/><\/a><\/p>\n<p>Weitere Informationen zu diesem Thema finden sie auf der zugeh\u00f6rigen Unterseite dieser Webseite: <a title=\"fronhoven.de - Windkraft\" href=\"https:\/\/www.fronhoven.de\/?page_id=7\">WINDKRAFT<\/a><\/p>\n","protected":false},"excerpt":{"rendered":"<p>Am 13. M\u00e4rz 2015 haben Heinz Rinkens, Berthold Braun und Marcel Cuvelier die B\u00fcrgerinitiative &#8222;Windkraft mit Abstand&#8220; gegr\u00fcndet. Die Motivation dieser B\u00fcrgerinitiative: Wir sind nicht gegen Windkraft \u2013 ganz im Gegenteil! Wir bef\u00fcrworten den Ausbau von erneuerbaren Energien sogar ausdr\u00fccklich. Wir m\u00f6chten nur, dass die Windenergieanlagen in einem angemessenen Abstand zu den Wohnh\u00e4usern gebaut werden, [&hellip;]<\/p>\n","protected":false},"author":1,"featured_media":0,"comment_status":"open","ping_status":"closed","sticky":false,"template":"","format":"standard","meta":{"jetpack_post_was_ever_published":false,"_jetpack_newsletter_access":"","_jetpack_dont_email_post_to_subs":false,"_jetpack_newsletter_tier_id":0,"_jetpack_memberships_contains_paywalled_content":false,"_jetpack_memberships_contains_paid_content":false,"footnotes":"","jetpack_publicize_message":"","jetpack_publicize_feature_enabled":true,"jetpack_social_post_already_shared":true,"jetpack_social_options":{"image_generator_settings":{"template":"highway","default_image_id":0,"font":"","enabled":false},"version":2}},"categories":[2],"tags":[12,9,11,13,10,6,7,8,3,4,5],"class_list":["post-38","post","type-post","status-publish","format-standard","hentry","category-buergerinitiative-windkraft-mit-abstand","tag-berthold-braun","tag-fronhoven","tag-heinz-rinkens","tag-marcel-cuvelier","tag-neu-lohn","tag-wea","tag-windenergieanlage","tag-windenergieanlagen","tag-windkraft","tag-windkraftanlage","tag-windkraftanlagen"],"jetpack_publicize_connections":[],"jetpack_featured_media_url":"","jetpack_shortlink":"https:\/\/wp.me\/p65ifD-C","jetpack_sharing_enabled":true,"_links":{"self":[{"href":"https:\/\/www.fronhoven.de\/index.php?rest_route=\/wp\/v2\/posts\/38","targetHints":{"allow":["GET"]}}],"collection":[{"href":"https:\/\/www.fronhoven.de\/index.php?rest_route=\/wp\/v2\/posts"}],"about":[{"href":"https:\/\/www.fronhoven.de\/index.php?rest_route=\/wp\/v2\/types\/post"}],"author":[{"embeddable":true,"href":"https:\/\/www.fronhoven.de\/index.php?rest_route=\/wp\/v2\/users\/1"}],"replies":[{"embeddable":true,"href":"https:\/\/www.fronhoven.de\/index.php?rest_route=%2Fwp%2Fv2%2Fcomments&post=38"}],"version-history":[{"count":5,"href":"https:\/\/www.fronhoven.de\/index.php?rest_route=\/wp\/v2\/posts\/38\/revisions"}],"predecessor-version":[{"id":44,"href":"https:\/\/www.fronhoven.de\/index.php?rest_route=\/wp\/v2\/posts\/38\/revisions\/44"}],"wp:attachment":[{"href":"https:\/\/www.fronhoven.de\/index.php?rest_route=%2Fwp%2Fv2%2Fmedia&parent=38"}],"wp:term":[{"taxonomy":"category","embeddable":true,"href":"https:\/\/www.fronhoven.de\/index.php?rest_route=%2Fwp%2Fv2%2Fcategories&post=38"},{"taxonomy":"post_tag","embeddable":true,"href":"https:\/\/www.fronhoven.de\/index.php?rest_route=%2Fwp%2Fv2%2Ftags&post=38"}],"curies":[{"name":"wp","href":"https:\/\/api.w.org\/{rel}","templated":true}]}}