{"id":383,"date":"2015-07-10T12:25:43","date_gmt":"2015-07-10T10:25:43","guid":{"rendered":"http:\/\/www.fronhoven.de\/?p=383"},"modified":"2015-07-10T12:25:43","modified_gmt":"2015-07-10T10:25:43","slug":"treffen-mit-herrn-frischmuth-und-der-landtagsabgeordneten-ingola-schmitz","status":"publish","type":"post","link":"https:\/\/www.fronhoven.de\/?p=383","title":{"rendered":"Treffen mit Herrn Frischmuth und der Landtagsabgeordneten Ingola Schmitz"},"content":{"rendered":"<p>Am gestrigen Abend hat sich die B\u00fcrgerinitiative (dieses Mal durch Berthold Braun, Heinz Rinkens, Max Rinkens, Voker Schreck und Marcel Cuvelier vertreten) mit Herrn Frischmuth und der FDP Landtagsabgeordneten Ingola Schmitz im Gasthof Rinkens zu einem konstruktiven und sehr interessanten Gespr\u00e4ch getroffen. Zus\u00e4tzlich haben uns wieder Frau Prigge und Herr Braune von der FDP Eschweiler besucht und angeregt mit diskutiert.<\/p>\n<p>Herr Frischmuth erz\u00e4hlte uns von seinen bisherigen Erfahrungen bez\u00fcglich der Windkraftanlagen in\/um Langerwehe. Wir unterhielten uns sehr detailliert \u00fcber die neue Version des Winderlasses und den neuen gesetzlichen Grenzwerten. In allgemeinen Wohngebieten darf die n\u00e4chtliche L\u00e4rmbelastung den Wertz von 40 dB nicht \u00fcberschreiten, in reinen Wohngebieten betr\u00e4gt die Grenze lediglich 35 dB. Die Hausener Stra\u00dfe laut Bebauungsplan der Stadt Eschweiler ist ein sogenanntes &#8222;Allgemeines Wohngebiet&#8220; &#8211; es gelten also die soeben genannten 40 dB als Grenze.<\/p>\n<p>Die Stadt Eschweiler hat, obwohl wir mehrfach und immer wieder darauf hingewiesen haben, bei der \u00c4nderung des Fl\u00e4chennutzungsplanes nicht beachtet, dass von jenseits der Stadtgrenze auch noch in direktem Anschlu\u00df geplante Windkraftanlagen der Stadt Aldenhoven errichtet werden sollen. Diese M\u00dcSSEN bei zum sogenannten L\u00e4rmkontingent hinzu gez\u00e4hlt werden. Daraus ergeben sich automatisch durch den Gesetzgeber festgelegte vergr\u00f6\u00dferte Abst\u00e4nde zu den Wohngebieten. Damit sind ggf. Anlagen auf einer Distanz von kleiner 2000 Meter nicht erlaubt &#8211; die knapp 1200 Meter Marke ist jetzt schon nach der L\u00e4rmverordnung ein hartes Kriterium, sollten NUR auf der Eschweiler Stadtseite WEAs errichtet werden.<\/p>\n<p>Herr Frischmuth versorgte uns mit vielen weiteren n\u00fctztlichen Informationen. Die Landwirte werden mit hoher Wahrscheinlichkeit auch durch die Projektierer nicht gen\u00fcgend \u00fcber deren Risiken aufgekl\u00e4rt: Zum Beispiel der R\u00fcckbau (der riesigen und tiefen Beton-Fundamente) etc. verbleibt als alleiniges Risiko beim Landwirt.<\/p>\n<p>Wir berieten uns im Anschluss an der angeregten Diskussionsrunde innerhalb der B\u00fcrgerinitiative \u00fcber die n\u00e4chsten Schritte, also u.a. wie und wann wir die ersten gerichtlichen Schritte einleiten werden. Dazu dann sp\u00e4ter mehr.<\/p>\n","protected":false},"excerpt":{"rendered":"<p>Am gestrigen Abend hat sich die B\u00fcrgerinitiative (dieses Mal durch Berthold Braun, Heinz Rinkens, Max Rinkens, Voker Schreck und Marcel Cuvelier vertreten) mit Herrn Frischmuth und der FDP Landtagsabgeordneten Ingola Schmitz im Gasthof Rinkens zu einem konstruktiven und sehr interessanten Gespr\u00e4ch getroffen. Zus\u00e4tzlich haben uns wieder Frau Prigge und Herr Braune von der FDP Eschweiler [&hellip;]<\/p>\n","protected":false},"author":1,"featured_media":384,"comment_status":"open","ping_status":"closed","sticky":false,"template":"","format":"standard","meta":{"jetpack_post_was_ever_published":false,"_jetpack_newsletter_access":"","_jetpack_dont_email_post_to_subs":false,"_jetpack_newsletter_tier_id":0,"_jetpack_memberships_contains_paywalled_content":false,"_jetpack_memberships_contains_paid_content":false,"footnotes":"","jetpack_publicize_message":"","jetpack_publicize_feature_enabled":true,"jetpack_social_post_already_shared":true,"jetpack_social_options":{"image_generator_settings":{"template":"highway","default_image_id":0,"font":"","enabled":false},"version":2}},"categories":[1],"tags":[627,633,632,637,505,12,630,639,412,210,625,213,636,11,626,640,635,634,13,405,638,629,631,268,628,203,468,5,617],"class_list":["post-383","post","type-post","status-publish","format-standard","has-post-thumbnail","hentry","category-allgemein","tag-1200-meter","tag-35-db","tag-40-db","tag-allgemeines-wohngebiet","tag-bebauungsplan","tag-berthold-braun","tag-beton-fundamente","tag-diskussionsrunde","tag-fdp","tag-flaechennutzungsplan","tag-frischmuth","tag-gasthof-rinkens","tag-grenzwerte","tag-heinz-rinkens","tag-ingola-schmitz","tag-landtagsabgeordnete","tag-langerwehe","tag-laermbelastung","tag-marcel-cuvelier","tag-max-rinkens","tag-risiken","tag-rueckbau","tag-rudi-frischmuth","tag-stadt-eschweiler","tag-stadtgrenze","tag-volker-schreck","tag-weas","tag-windkraftanlagen","tag-wohngebiet"],"jetpack_publicize_connections":[],"jetpack_featured_media_url":"https:\/\/i0.wp.com\/www.fronhoven.de\/wp-content\/uploads\/2015\/07\/P1010573.jpg?fit=4608%2C2592&ssl=1","jetpack_shortlink":"https:\/\/wp.me\/p65ifD-6b","jetpack_sharing_enabled":true,"_links":{"self":[{"href":"https:\/\/www.fronhoven.de\/index.php?rest_route=\/wp\/v2\/posts\/383","targetHints":{"allow":["GET"]}}],"collection":[{"href":"https:\/\/www.fronhoven.de\/index.php?rest_route=\/wp\/v2\/posts"}],"about":[{"href":"https:\/\/www.fronhoven.de\/index.php?rest_route=\/wp\/v2\/types\/post"}],"author":[{"embeddable":true,"href":"https:\/\/www.fronhoven.de\/index.php?rest_route=\/wp\/v2\/users\/1"}],"replies":[{"embeddable":true,"href":"https:\/\/www.fronhoven.de\/index.php?rest_route=%2Fwp%2Fv2%2Fcomments&post=383"}],"version-history":[{"count":2,"href":"https:\/\/www.fronhoven.de\/index.php?rest_route=\/wp\/v2\/posts\/383\/revisions"}],"predecessor-version":[{"id":386,"href":"https:\/\/www.fronhoven.de\/index.php?rest_route=\/wp\/v2\/posts\/383\/revisions\/386"}],"wp:featuredmedia":[{"embeddable":true,"href":"https:\/\/www.fronhoven.de\/index.php?rest_route=\/wp\/v2\/media\/384"}],"wp:attachment":[{"href":"https:\/\/www.fronhoven.de\/index.php?rest_route=%2Fwp%2Fv2%2Fmedia&parent=383"}],"wp:term":[{"taxonomy":"category","embeddable":true,"href":"https:\/\/www.fronhoven.de\/index.php?rest_route=%2Fwp%2Fv2%2Fcategories&post=383"},{"taxonomy":"post_tag","embeddable":true,"href":"https:\/\/www.fronhoven.de\/index.php?rest_route=%2Fwp%2Fv2%2Ftags&post=383"}],"curies":[{"name":"wp","href":"https:\/\/api.w.org\/{rel}","templated":true}]}}