{"id":400,"date":"2015-11-07T23:45:16","date_gmt":"2015-11-07T22:45:16","guid":{"rendered":"http:\/\/www.fronhoven.de\/?p=400"},"modified":"2015-11-11T16:58:28","modified_gmt":"2015-11-11T15:58:28","slug":"die-stadt-zieht-ihren-antrag-auf-genehmigung-der-2-aenderung-des-fnp-zurueck","status":"publish","type":"post","link":"https:\/\/www.fronhoven.de\/?p=400","title":{"rendered":"Die Stadt zieht Ihren Antrag auf Genehmigung der 2. \u00c4nderung des FNP zur\u00fcck!"},"content":{"rendered":"<p>Die Stadt Eschweiler hat ihren Antrag auf Genehmigung der 2. \u00c4nderung des Fl\u00e4chennutzungsplans zur\u00fcckgezogen. Dies teilte uns die Bezirksregierung K\u00f6ln am heutigen Tag per Post mit.<\/p>\n<p>Weitere Details dazu haben wir zum aktuellen Zeitpunkt (noch) nicht, aber die Stadt Eschweiler wird sich weiterhin mit dem Verfahren befassen &#8211; so viel ist sicher.<\/p>\n<p>Alle von uns angesprochenen Parteien schweigen sich derzeit zu diesem Punkt aus oder sind selber \u00fcber diesen Umstand noch nicht informiert worden.<\/p>\n","protected":false},"excerpt":{"rendered":"<p>Die Stadt Eschweiler hat ihren Antrag auf Genehmigung der 2. \u00c4nderung des Fl\u00e4chennutzungsplans zur\u00fcckgezogen. Dies teilte uns die Bezirksregierung K\u00f6ln am heutigen Tag per Post mit. Weitere Details dazu haben wir zum aktuellen Zeitpunkt (noch) nicht, aber die Stadt Eschweiler wird sich weiterhin mit dem Verfahren befassen &#8211; so viel ist sicher. Alle von uns [&hellip;]<\/p>\n","protected":false},"author":1,"featured_media":401,"comment_status":"open","ping_status":"closed","sticky":false,"template":"","format":"standard","meta":{"jetpack_post_was_ever_published":false,"_jetpack_newsletter_access":"","_jetpack_dont_email_post_to_subs":false,"_jetpack_newsletter_tier_id":0,"_jetpack_memberships_contains_paywalled_content":false,"_jetpack_memberships_contains_paid_content":false,"footnotes":"","jetpack_publicize_message":"","jetpack_publicize_feature_enabled":true,"jetpack_social_post_already_shared":true,"jetpack_social_options":{"image_generator_settings":{"template":"highway","default_image_id":0,"font":"","enabled":false},"version":2}},"categories":[2],"tags":[602,417,662,663,210,607,664,268,3],"class_list":["post-400","post","type-post","status-publish","format-standard","has-post-thumbnail","hentry","category-buergerinitiative-windkraft-mit-abstand","tag-2-aenderung","tag-antrag","tag-bauleitplanung","tag-bezirksregierung","tag-flaechennutzungsplan","tag-fnp","tag-koeln","tag-stadt-eschweiler","tag-windkraft"],"jetpack_publicize_connections":[],"jetpack_featured_media_url":"https:\/\/i0.wp.com\/www.fronhoven.de\/wp-content\/uploads\/2015\/11\/20151107_134424.jpg?fit=2927%2C3490&ssl=1","jetpack_shortlink":"https:\/\/wp.me\/p65ifD-6s","jetpack_sharing_enabled":true,"_links":{"self":[{"href":"https:\/\/www.fronhoven.de\/index.php?rest_route=\/wp\/v2\/posts\/400","targetHints":{"allow":["GET"]}}],"collection":[{"href":"https:\/\/www.fronhoven.de\/index.php?rest_route=\/wp\/v2\/posts"}],"about":[{"href":"https:\/\/www.fronhoven.de\/index.php?rest_route=\/wp\/v2\/types\/post"}],"author":[{"embeddable":true,"href":"https:\/\/www.fronhoven.de\/index.php?rest_route=\/wp\/v2\/users\/1"}],"replies":[{"embeddable":true,"href":"https:\/\/www.fronhoven.de\/index.php?rest_route=%2Fwp%2Fv2%2Fcomments&post=400"}],"version-history":[{"count":1,"href":"https:\/\/www.fronhoven.de\/index.php?rest_route=\/wp\/v2\/posts\/400\/revisions"}],"predecessor-version":[{"id":402,"href":"https:\/\/www.fronhoven.de\/index.php?rest_route=\/wp\/v2\/posts\/400\/revisions\/402"}],"wp:featuredmedia":[{"embeddable":true,"href":"https:\/\/www.fronhoven.de\/index.php?rest_route=\/wp\/v2\/media\/401"}],"wp:attachment":[{"href":"https:\/\/www.fronhoven.de\/index.php?rest_route=%2Fwp%2Fv2%2Fmedia&parent=400"}],"wp:term":[{"taxonomy":"category","embeddable":true,"href":"https:\/\/www.fronhoven.de\/index.php?rest_route=%2Fwp%2Fv2%2Fcategories&post=400"},{"taxonomy":"post_tag","embeddable":true,"href":"https:\/\/www.fronhoven.de\/index.php?rest_route=%2Fwp%2Fv2%2Ftags&post=400"}],"curies":[{"name":"wp","href":"https:\/\/api.w.org\/{rel}","templated":true}]}}