{"id":433,"date":"2020-02-16T13:13:55","date_gmt":"2020-02-16T12:13:55","guid":{"rendered":"http:\/\/www.fronhoven.de\/?p=433"},"modified":"2020-02-16T13:13:55","modified_gmt":"2020-02-16T12:13:55","slug":"windraeder-blinken-bald-nur-noch-bei-bedarf","status":"publish","type":"post","link":"https:\/\/www.fronhoven.de\/?p=433","title":{"rendered":"Windr\u00e4der blinken bald nur noch bei Bedarf"},"content":{"rendered":"<p>Sehr viele B\u00fcrger st\u00f6ren sich an dem dauernden Blinken der WEAs. Dei Anlagen blinken aus Gr\u00fcnden der Flugsicherheit. Damit soll laut neuester Informationen bald Schluss sein. Dann blinken die Windkraftr\u00e4der nur noch, wenn es n\u00f6tig ist.<\/p>\n<p>Der Bundesrat hat am vergangenen Freitag einer \u00c4nderung der Allgemeinen Verwaltungsvorschrift zur Kennzeichnung von Luftfahrthindernissen zugestimmt. K\u00fcnftig sollen die Windenergieanlagen (WEAs) nur noch dann blinken, wenn sich tats\u00e4chlich ein Flugzeug in der N\u00e4he befindet. Damit soll dann die Belastung f\u00fcr Anwohner nachlassen, da der Zeiraum des Blinkens reduziert wird. Nun muss lediglich noch das Bundeskabinett zustimmen, damit die Neuregelung in Kraft treten kann.<\/p>\n<p>Sollte das Kabinett termingerecht zustimmen, tritt ab dem 1. Juli 2020 die neue Gesetzesregelung in Kraft.<\/p>\n<p>Quelle: <a href=\"https:\/\/www.heise.de\/newsticker\/meldung\/Winderaeder-blinken-bald-nur-noch-bei-Bedarf-4661516.html?wt_mc=nl.red.ho.ho-nl-daily.2020-02-15.link.link\" target=\"_blank\" rel=\"noopener noreferrer\">heise.de<\/a><\/p>\n","protected":false},"excerpt":{"rendered":"<p>Sehr viele B\u00fcrger st\u00f6ren sich an dem dauernden Blinken der WEAs. Dei Anlagen blinken aus Gr\u00fcnden der Flugsicherheit. Damit soll laut neuester Informationen bald Schluss sein. Dann blinken die Windkraftr\u00e4der nur noch, wenn es n\u00f6tig ist. Der Bundesrat hat am vergangenen Freitag einer \u00c4nderung der Allgemeinen Verwaltungsvorschrift zur Kennzeichnung von Luftfahrthindernissen zugestimmt. K\u00fcnftig sollen die [&hellip;]<\/p>\n","protected":false},"author":1,"featured_media":435,"comment_status":"open","ping_status":"closed","sticky":false,"template":"","format":"standard","meta":{"jetpack_post_was_ever_published":false,"_jetpack_newsletter_access":"","_jetpack_dont_email_post_to_subs":false,"_jetpack_newsletter_tier_id":0,"_jetpack_memberships_contains_paywalled_content":false,"_jetpack_memberships_contains_paid_content":false,"footnotes":"","jetpack_publicize_message":"","jetpack_publicize_feature_enabled":true,"jetpack_social_post_already_shared":true,"jetpack_social_options":{"image_generator_settings":{"template":"highway","default_image_id":0,"font":"","enabled":false},"version":2}},"categories":[2],"tags":[672,673,674,675],"class_list":["post-433","post","type-post","status-publish","format-standard","has-post-thumbnail","hentry","category-buergerinitiative-windkraft-mit-abstand","tag-blinken","tag-bundeskabinett","tag-bundesrat","tag-flugsicherung"],"jetpack_publicize_connections":[],"jetpack_featured_media_url":"https:\/\/i0.wp.com\/www.fronhoven.de\/wp-content\/uploads\/2020\/02\/windrader-1639567_1920.jpg?fit=1920%2C1511&ssl=1","jetpack_shortlink":"https:\/\/wp.me\/p65ifD-6Z","jetpack_sharing_enabled":true,"_links":{"self":[{"href":"https:\/\/www.fronhoven.de\/index.php?rest_route=\/wp\/v2\/posts\/433","targetHints":{"allow":["GET"]}}],"collection":[{"href":"https:\/\/www.fronhoven.de\/index.php?rest_route=\/wp\/v2\/posts"}],"about":[{"href":"https:\/\/www.fronhoven.de\/index.php?rest_route=\/wp\/v2\/types\/post"}],"author":[{"embeddable":true,"href":"https:\/\/www.fronhoven.de\/index.php?rest_route=\/wp\/v2\/users\/1"}],"replies":[{"embeddable":true,"href":"https:\/\/www.fronhoven.de\/index.php?rest_route=%2Fwp%2Fv2%2Fcomments&post=433"}],"version-history":[{"count":2,"href":"https:\/\/www.fronhoven.de\/index.php?rest_route=\/wp\/v2\/posts\/433\/revisions"}],"predecessor-version":[{"id":436,"href":"https:\/\/www.fronhoven.de\/index.php?rest_route=\/wp\/v2\/posts\/433\/revisions\/436"}],"wp:featuredmedia":[{"embeddable":true,"href":"https:\/\/www.fronhoven.de\/index.php?rest_route=\/wp\/v2\/media\/435"}],"wp:attachment":[{"href":"https:\/\/www.fronhoven.de\/index.php?rest_route=%2Fwp%2Fv2%2Fmedia&parent=433"}],"wp:term":[{"taxonomy":"category","embeddable":true,"href":"https:\/\/www.fronhoven.de\/index.php?rest_route=%2Fwp%2Fv2%2Fcategories&post=433"},{"taxonomy":"post_tag","embeddable":true,"href":"https:\/\/www.fronhoven.de\/index.php?rest_route=%2Fwp%2Fv2%2Ftags&post=433"}],"curies":[{"name":"wp","href":"https:\/\/api.w.org\/{rel}","templated":true}]}}