{"id":66,"date":"2015-04-10T11:26:06","date_gmt":"2015-04-10T09:26:06","guid":{"rendered":"http:\/\/www.fronhoven.de\/?p=66"},"modified":"2015-04-10T11:26:06","modified_gmt":"2015-04-10T09:26:06","slug":"ein-erfahrungsbericht-ueber-das-leben-in-der-naehe-von-windrad-riesen","status":"publish","type":"post","link":"https:\/\/www.fronhoven.de\/?p=66","title":{"rendered":"Ein Erfahrungsbericht \u00fcber das Leben in der N\u00e4he von Windrad-Riesen"},"content":{"rendered":"<p>WIr B\u00fcrger in Fronhoven und Neu-Lohn sind bekanntlich nicht die ersten &#8222;Opfer&#8220; von Windkraftanlagen, die sehr nahe an Wohngebiete gebaut wurden oder gebaut werden sollen. Der \u00f6ffentlich rechtliche Fernsehsender ARD (einsfestival) hat Bewohner, welche Windkraftanlagen in der unmittelbaren N\u00e4he zum Wohngeb\u00e4ude ausgesetzt sind, besucht und einen interessanten Erfahrungsbericht \u00fcber das Leben dieser Leute zusammengestellt:<\/p>\n<p>[wpdevart_youtube]TAezbPBbkaU[\/wpdevart_youtube]<\/p>\n<p>Die geplanten Anlagen n\u00f6rdlich von Frohoven sind noch gr\u00f6\u00dfer (180 &#8211; 200 m hoch, Rotorh\u00f6he ca. 120 m) und haben eine h\u00f6here Leistung (3,2 MWatt)!<\/p>\n","protected":false},"excerpt":{"rendered":"<p>WIr B\u00fcrger in Fronhoven und Neu-Lohn sind bekanntlich nicht die ersten &#8222;Opfer&#8220; von Windkraftanlagen, die sehr nahe an Wohngebiete gebaut wurden oder gebaut werden sollen. Der \u00f6ffentlich rechtliche Fernsehsender ARD (einsfestival) hat Bewohner, welche Windkraftanlagen in der unmittelbaren N\u00e4he zum Wohngeb\u00e4ude ausgesetzt sind, besucht und einen interessanten Erfahrungsbericht \u00fcber das Leben dieser Leute zusammengestellt: [wpdevart_youtube]TAezbPBbkaU[\/wpdevart_youtube] [&hellip;]<\/p>\n","protected":false},"author":1,"featured_media":0,"comment_status":"open","ping_status":"closed","sticky":false,"template":"","format":"standard","meta":{"jetpack_post_was_ever_published":false,"_jetpack_newsletter_access":"","_jetpack_dont_email_post_to_subs":false,"_jetpack_newsletter_tier_id":0,"_jetpack_memberships_contains_paywalled_content":false,"_jetpack_memberships_contains_paid_content":false,"footnotes":"","jetpack_publicize_message":"","jetpack_publicize_feature_enabled":true,"jetpack_social_post_already_shared":false,"jetpack_social_options":{"image_generator_settings":{"template":"highway","default_image_id":0,"font":"","enabled":false},"version":2}},"categories":[2],"tags":[50,48,52,51,44,41,45,37,9,38,39,10,47,42,49,5,40,46,43],"class_list":["post-66","post","type-post","status-publish","format-standard","hentry","category-buergerinitiative-windkraft-mit-abstand","tag-120-m","tag-180-200-m","tag-2-mwatt","tag-51","tag-ard","tag-buerger","tag-einsfestival","tag-erfahrungsbericht","tag-fronhoven","tag-leben","tag-naehe","tag-neu-lohn","tag-noerdlich","tag-opfer","tag-rotorhoehe","tag-windkraftanlagen","tag-windrad-riesen","tag-wohngebaeude","tag-wohngebiete"],"jetpack_publicize_connections":[],"jetpack_featured_media_url":"","jetpack_shortlink":"https:\/\/wp.me\/p65ifD-14","jetpack_sharing_enabled":true,"_links":{"self":[{"href":"https:\/\/www.fronhoven.de\/index.php?rest_route=\/wp\/v2\/posts\/66","targetHints":{"allow":["GET"]}}],"collection":[{"href":"https:\/\/www.fronhoven.de\/index.php?rest_route=\/wp\/v2\/posts"}],"about":[{"href":"https:\/\/www.fronhoven.de\/index.php?rest_route=\/wp\/v2\/types\/post"}],"author":[{"embeddable":true,"href":"https:\/\/www.fronhoven.de\/index.php?rest_route=\/wp\/v2\/users\/1"}],"replies":[{"embeddable":true,"href":"https:\/\/www.fronhoven.de\/index.php?rest_route=%2Fwp%2Fv2%2Fcomments&post=66"}],"version-history":[{"count":2,"href":"https:\/\/www.fronhoven.de\/index.php?rest_route=\/wp\/v2\/posts\/66\/revisions"}],"predecessor-version":[{"id":68,"href":"https:\/\/www.fronhoven.de\/index.php?rest_route=\/wp\/v2\/posts\/66\/revisions\/68"}],"wp:attachment":[{"href":"https:\/\/www.fronhoven.de\/index.php?rest_route=%2Fwp%2Fv2%2Fmedia&parent=66"}],"wp:term":[{"taxonomy":"category","embeddable":true,"href":"https:\/\/www.fronhoven.de\/index.php?rest_route=%2Fwp%2Fv2%2Fcategories&post=66"},{"taxonomy":"post_tag","embeddable":true,"href":"https:\/\/www.fronhoven.de\/index.php?rest_route=%2Fwp%2Fv2%2Ftags&post=66"}],"curies":[{"name":"wp","href":"https:\/\/api.w.org\/{rel}","templated":true}]}}