{"id":75,"date":"2015-04-14T11:23:05","date_gmt":"2015-04-14T09:23:05","guid":{"rendered":"http:\/\/www.fronhoven.de\/?p=75"},"modified":"2015-04-14T11:24:19","modified_gmt":"2015-04-14T09:24:19","slug":"fotomontage-windkraft-in-fronhoven","status":"publish","type":"post","link":"https:\/\/www.fronhoven.de\/?p=75","title":{"rendered":"Fotomontage &#8211; Windkraft in Fronhoven"},"content":{"rendered":"<p>Ich bin am Sonntag mal nach Weilerhausen gefahren und habe mir die vergleichbaren Windkraftanlagen angeh\u00f6rt und angeschaut. Der Wind stand an diesem Tag entsprechend &#8222;g\u00fcnstig&#8220;, so dass ich auch die Anlagen mal h\u00f6ren konnte und ich war wirklich sehr (negativ) \u00fcberrascht, wie laut die Anlagen denn in der Realit\u00e4t sind. Gutachten und L\u00e4rmmessung hin oder her &#8211; die Anlagen sind LAUT!<\/p>\n<p>Kennen Sie das Ger\u00e4usch, wenn ein Flugzeug laut vorbeifliegt? Ja? Dann stellen Sie sich dieses Ger\u00e4usch vor, kurz bevor es nicht mehr h\u00f6rbar ist, bzw. das Flugzeug weiter geflogen ist. Ungef\u00e4hr genau dieses Ger\u00e4usch kann man dann, bei entsprechender Windrichtung, kostant wahrnehmen.<\/p>\n<p>Ich habe dann vor Ort mal ein paar Fotos von den 200m Anlagen erstellt. Im folgenden sehe sie ein Foto aus meiner Garten am Sonntag aufgenommen. Auf dem zweiten Foto sehen sie dann eine Fotomontage, wo ich die Windkraftr\u00e4der aus Weilerhausen auf dem geplanten Abstand von 871m Entfernung aufgenommen habe (also das Foto entstand an einer Stelle, wo das naheste Windkraftrad 871m entefrnt war). Hier sieht man dann vier Anlagen (geplant sind in diesem Sektor aber sechs Anlagen &#8211; sprich in der Realit\u00e4t sollen sich dann sp\u00e4ter noch zwei weitere Anlagen dort befinden) auf dem entsprechenden Abstand &#8211; so wird das dann also aussehen. Mit der sch\u00f6nen Aussicht ist es dann ein-f\u00fcr-alle Mal vorbei!!<\/p>\n<figure id=\"attachment_76\" aria-describedby=\"caption-attachment-76\" style=\"width: 625px\" class=\"wp-caption aligncenter\"><a href=\"https:\/\/i0.wp.com\/www.fronhoven.de\/wp-content\/uploads\/2015\/04\/20150412_100614.jpg?ssl=1\"><img data-recalc-dims=\"1\" loading=\"lazy\" decoding=\"async\" data-attachment-id=\"76\" data-permalink=\"https:\/\/www.fronhoven.de\/?attachment_id=76\" data-orig-file=\"https:\/\/i0.wp.com\/www.fronhoven.de\/wp-content\/uploads\/2015\/04\/20150412_100614.jpg?fit=4128%2C2322&amp;ssl=1\" data-orig-size=\"4128,2322\" data-comments-opened=\"1\" data-image-meta=\"{&quot;aperture&quot;:&quot;2.2&quot;,&quot;credit&quot;:&quot;&quot;,&quot;camera&quot;:&quot;GT-I9505&quot;,&quot;caption&quot;:&quot;&quot;,&quot;created_timestamp&quot;:&quot;1428833173&quot;,&quot;copyright&quot;:&quot;&quot;,&quot;focal_length&quot;:&quot;4.2&quot;,&quot;iso&quot;:&quot;50&quot;,&quot;shutter_speed&quot;:&quot;0.00094339622641509&quot;,&quot;title&quot;:&quot;&quot;,&quot;orientation&quot;:&quot;1&quot;}\" data-image-title=\"20150412_100614\" data-image-description=\"\" data-image-caption=\"\" data-large-file=\"https:\/\/i0.wp.com\/www.fronhoven.de\/wp-content\/uploads\/2015\/04\/20150412_100614.jpg?fit=1024%2C576&amp;ssl=1\" class=\"wp-image-76 size-large\" src=\"https:\/\/i0.wp.com\/www.fronhoven.de\/wp-content\/uploads\/2015\/04\/20150412_100614.jpg?resize=625%2C352&#038;ssl=1\" alt=\"20150412_100614\" width=\"625\" height=\"352\" srcset=\"https:\/\/i0.wp.com\/www.fronhoven.de\/wp-content\/uploads\/2015\/04\/20150412_100614.jpg?resize=1024%2C576&amp;ssl=1 1024w, https:\/\/i0.wp.com\/www.fronhoven.de\/wp-content\/uploads\/2015\/04\/20150412_100614.jpg?resize=300%2C169&amp;ssl=1 300w, https:\/\/i0.wp.com\/www.fronhoven.de\/wp-content\/uploads\/2015\/04\/20150412_100614.jpg?resize=624%2C351&amp;ssl=1 624w, https:\/\/i0.wp.com\/www.fronhoven.de\/wp-content\/uploads\/2015\/04\/20150412_100614.jpg?w=2000&amp;ssl=1 2000w, https:\/\/i0.wp.com\/www.fronhoven.de\/wp-content\/uploads\/2015\/04\/20150412_100614.jpg?w=3000&amp;ssl=1 3000w\" sizes=\"auto, (max-width: 625px) 100vw, 625px\" \/><\/a><figcaption id=\"caption-attachment-76\" class=\"wp-caption-text\">So sah es am 12.03.2015 hier aus<\/figcaption><\/figure>\n<figure id=\"attachment_77\" aria-describedby=\"caption-attachment-77\" style=\"width: 625px\" class=\"wp-caption aligncenter\"><a href=\"https:\/\/i0.wp.com\/www.fronhoven.de\/wp-content\/uploads\/2015\/04\/montage.jpg?ssl=1\"><img data-recalc-dims=\"1\" loading=\"lazy\" decoding=\"async\" data-attachment-id=\"77\" data-permalink=\"https:\/\/www.fronhoven.de\/?attachment_id=77\" data-orig-file=\"https:\/\/i0.wp.com\/www.fronhoven.de\/wp-content\/uploads\/2015\/04\/montage.jpg?fit=4128%2C2322&amp;ssl=1\" data-orig-size=\"4128,2322\" data-comments-opened=\"1\" data-image-meta=\"{&quot;aperture&quot;:&quot;2.2&quot;,&quot;credit&quot;:&quot;&quot;,&quot;camera&quot;:&quot;GT-I9505&quot;,&quot;caption&quot;:&quot;&quot;,&quot;created_timestamp&quot;:&quot;1428833173&quot;,&quot;copyright&quot;:&quot;&quot;,&quot;focal_length&quot;:&quot;4.2&quot;,&quot;iso&quot;:&quot;50&quot;,&quot;shutter_speed&quot;:&quot;0.00094339622641509&quot;,&quot;title&quot;:&quot;&quot;,&quot;orientation&quot;:&quot;0&quot;}\" data-image-title=\"montage\" data-image-description=\"\" data-image-caption=\"\" data-large-file=\"https:\/\/i0.wp.com\/www.fronhoven.de\/wp-content\/uploads\/2015\/04\/montage.jpg?fit=1024%2C576&amp;ssl=1\" class=\"wp-image-77 size-large\" src=\"https:\/\/i0.wp.com\/www.fronhoven.de\/wp-content\/uploads\/2015\/04\/montage.jpg?resize=625%2C352&#038;ssl=1\" alt=\"montage\" width=\"625\" height=\"352\" srcset=\"https:\/\/i0.wp.com\/www.fronhoven.de\/wp-content\/uploads\/2015\/04\/montage.jpg?resize=1024%2C576&amp;ssl=1 1024w, https:\/\/i0.wp.com\/www.fronhoven.de\/wp-content\/uploads\/2015\/04\/montage.jpg?resize=300%2C169&amp;ssl=1 300w, https:\/\/i0.wp.com\/www.fronhoven.de\/wp-content\/uploads\/2015\/04\/montage.jpg?resize=624%2C351&amp;ssl=1 624w, https:\/\/i0.wp.com\/www.fronhoven.de\/wp-content\/uploads\/2015\/04\/montage.jpg?w=2000&amp;ssl=1 2000w, https:\/\/i0.wp.com\/www.fronhoven.de\/wp-content\/uploads\/2015\/04\/montage.jpg?w=3000&amp;ssl=1 3000w\" sizes=\"auto, (max-width: 625px) 100vw, 625px\" \/><\/a><figcaption id=\"caption-attachment-77\" class=\"wp-caption-text\">So soll es dann 2016\/2017 aussehen&#8230;<\/figcaption><\/figure>\n<p>Wenn Sie auf die Bilder klicken, bekommen Sie diese auch in &#8222;gro\u00df&#8220; angezeigt, was das Ganze nocheinmal verdeutlicht.<\/p>\n<p>Sch\u00f6n ist anders! Und wie gesagt, es werden ja mehr Anlagen errichtet, als die hier abgebildeten. Dazu kommen dann sp\u00e4ter noch Anlagen, die von Aldenhoven aus errichtet und dann auch sichtbar werden. Rund um Fronhoven werden wir also immer mehr mit Windkraftanlagen &#8222;belastet&#8220;.<\/p>\n","protected":false},"excerpt":{"rendered":"<p>Ich bin am Sonntag mal nach Weilerhausen gefahren und habe mir die vergleichbaren Windkraftanlagen angeh\u00f6rt und angeschaut. Der Wind stand an diesem Tag entsprechend &#8222;g\u00fcnstig&#8220;, so dass ich auch die Anlagen mal h\u00f6ren konnte und ich war wirklich sehr (negativ) \u00fcberrascht, wie laut die Anlagen denn in der Realit\u00e4t sind. Gutachten und L\u00e4rmmessung hin oder [&hellip;]<\/p>\n","protected":false},"author":1,"featured_media":0,"comment_status":"open","ping_status":"closed","sticky":false,"template":"","format":"standard","meta":{"jetpack_post_was_ever_published":false,"_jetpack_newsletter_access":"","_jetpack_dont_email_post_to_subs":false,"_jetpack_newsletter_tier_id":0,"_jetpack_memberships_contains_paywalled_content":false,"_jetpack_memberships_contains_paid_content":false,"footnotes":"","jetpack_publicize_message":"","jetpack_publicize_feature_enabled":true,"jetpack_social_post_already_shared":false,"jetpack_social_options":{"image_generator_settings":{"template":"highway","default_image_id":0,"font":"","enabled":false},"version":2}},"categories":[2],"tags":[71,73,74,77,58,65,55,70,9,72,64,57,61,59,68,62,63,60,69,76,75,53,66,54,56,3,67],"class_list":["post-75","post","type-post","status-publish","format-standard","hentry","category-buergerinitiative-windkraft-mit-abstand","tag-200m","tag-871m","tag-abstand","tag-aldenhoven","tag-anlagen","tag-flugzeug","tag-fotomontage","tag-fotos","tag-fronhoven","tag-garten","tag-geraeusch","tag-guenstig","tag-gutachten","tag-hoeren","tag-konstant","tag-laermmessung","tag-laut","tag-negativ","tag-ort","tag-realitaet","tag-sektor","tag-sonntag","tag-vorbeifliegt","tag-weilerhausen","tag-wind","tag-windkraft","tag-windrichtung"],"jetpack_publicize_connections":[],"jetpack_featured_media_url":"","jetpack_shortlink":"https:\/\/wp.me\/p65ifD-1d","jetpack_sharing_enabled":true,"_links":{"self":[{"href":"https:\/\/www.fronhoven.de\/index.php?rest_route=\/wp\/v2\/posts\/75","targetHints":{"allow":["GET"]}}],"collection":[{"href":"https:\/\/www.fronhoven.de\/index.php?rest_route=\/wp\/v2\/posts"}],"about":[{"href":"https:\/\/www.fronhoven.de\/index.php?rest_route=\/wp\/v2\/types\/post"}],"author":[{"embeddable":true,"href":"https:\/\/www.fronhoven.de\/index.php?rest_route=\/wp\/v2\/users\/1"}],"replies":[{"embeddable":true,"href":"https:\/\/www.fronhoven.de\/index.php?rest_route=%2Fwp%2Fv2%2Fcomments&post=75"}],"version-history":[{"count":3,"href":"https:\/\/www.fronhoven.de\/index.php?rest_route=\/wp\/v2\/posts\/75\/revisions"}],"predecessor-version":[{"id":80,"href":"https:\/\/www.fronhoven.de\/index.php?rest_route=\/wp\/v2\/posts\/75\/revisions\/80"}],"wp:attachment":[{"href":"https:\/\/www.fronhoven.de\/index.php?rest_route=%2Fwp%2Fv2%2Fmedia&parent=75"}],"wp:term":[{"taxonomy":"category","embeddable":true,"href":"https:\/\/www.fronhoven.de\/index.php?rest_route=%2Fwp%2Fv2%2Fcategories&post=75"},{"taxonomy":"post_tag","embeddable":true,"href":"https:\/\/www.fronhoven.de\/index.php?rest_route=%2Fwp%2Fv2%2Ftags&post=75"}],"curies":[{"name":"wp","href":"https:\/\/api.w.org\/{rel}","templated":true}]}}