{"id":82,"date":"2015-04-16T08:43:57","date_gmt":"2015-04-16T06:43:57","guid":{"rendered":"http:\/\/www.fronhoven.de\/?p=82"},"modified":"2015-04-16T08:43:57","modified_gmt":"2015-04-16T06:43:57","slug":"dialog-zwischen-spd-ratsmitgliedern-und-der-buergerinitiative","status":"publish","type":"post","link":"https:\/\/www.fronhoven.de\/?p=82","title":{"rendered":"Dialog zwischen SPD Ratsmitgliedern und der B\u00fcrgerinitiative"},"content":{"rendered":"<p>Nachdem wir von der B\u00fcrgerinitiative Kontakt zu den verschiedenen Parteien aufgenommen hatten, haben sich einige Parteien zu einem offenen Dialog bereit erkl\u00e4rt. Unter anderem auch die SPD.<\/p>\n<p>Am Montag Abend fand ein konstruktives Gespr\u00e4ch zwischen den SPD (Rats-)mitgliedern <a title=\"SPD: Claudia Moll\" href=\"http:\/\/www.spd-eschweiler.de\/index.php?mod=content&amp;menu=80020&amp;page_id=12966\" target=\"_blank\">Claudia Moll<\/a>, <a title=\"SPD: Nicole Dickmeis\" href=\"http:\/\/www.spd-eschweiler.de\/index.php?mod=content&amp;menu=80018&amp;page_id=12964\" target=\"_blank\">Nicole Dickmeis<\/a>, <a title=\"SPD: Leo Gehlen\" href=\"http:\/\/www.spd-eschweiler.de\/index.php?mod=content&amp;menu=501&amp;page_id=12706\" target=\"_blank\">Leo Gehlen<\/a>, <a title=\"SPD: Ren\u00e9 Maa\u00dfen\" href=\"http:\/\/www.spd-staedteregion-aachen.de\/personen\/10710\/682437\/Ren-Maaszen.html\" target=\"_blank\">Ren\u00e9 Maa\u00dfen<\/a> und der B\u00fcrgerinitiative (Heinz Rinkens, Berthold Braund und Marcel Cuvelier) statt.<\/p>\n<p>Hier konnten wir von der B\u00fcrgerinitiative &#8222;Windkraft mit Abstand&#8220; vor Ort der SPD unsere Forderungen detailliert erl\u00e4utern und nat\u00fcrlich auch entsprechend begr\u00fcnden. Die o.g. Ratsmitglieder hatten f\u00fcr unsere Belange ein offenes Ohr und konnten unsere Beweggr\u00fcnde auch teilen. Wir informierten \u00fcber unsere bisherigen Erfahrungen bzgl. der Folgen der Windkraftanlagen, der optischen landschaftlichen Ver\u00e4nderung, der L\u00e4rmbelastung f\u00fcr die Anwohner und die gesundheitlichen Risiken.<\/p>\n<p>Einig war man sich in dem Ziel, dass in der geplanten Zone n\u00f6rdlich von Fronhoven zum Wohngebiet hin, <strong>wenn dort \u00fcberhaupt Anlagen errichtet werden (d\u00fcrfen)<\/strong>, keine Anlage n\u00e4her als 2000 oder mindestens 1500 Meter zu den Wohngebieten hin errichtet werden sollten.<\/p>\n","protected":false},"excerpt":{"rendered":"<p>Nachdem wir von der B\u00fcrgerinitiative Kontakt zu den verschiedenen Parteien aufgenommen hatten, haben sich einige Parteien zu einem offenen Dialog bereit erkl\u00e4rt. Unter anderem auch die SPD. Am Montag Abend fand ein konstruktives Gespr\u00e4ch zwischen den SPD (Rats-)mitgliedern Claudia Moll, Nicole Dickmeis, Leo Gehlen, Ren\u00e9 Maa\u00dfen und der B\u00fcrgerinitiative (Heinz Rinkens, Berthold Braund und Marcel [&hellip;]<\/p>\n","protected":false},"author":1,"featured_media":0,"comment_status":"open","ping_status":"closed","sticky":false,"template":"","format":"standard","meta":{"jetpack_post_was_ever_published":false,"_jetpack_newsletter_access":"","_jetpack_dont_email_post_to_subs":false,"_jetpack_newsletter_tier_id":0,"_jetpack_memberships_contains_paywalled_content":false,"_jetpack_memberships_contains_paid_content":false,"footnotes":"","jetpack_publicize_message":"","jetpack_publicize_feature_enabled":true,"jetpack_social_post_already_shared":false,"jetpack_social_options":{"image_generator_settings":{"template":"highway","default_image_id":0,"font":"","enabled":false},"version":2}},"categories":[1],"tags":[103,12,109,106,78,99,11,104,102,110,80,13,79,108,107,81,101,105],"class_list":["post-82","post","type-post","status-publish","format-standard","hentry","category-allgemein","tag-abend","tag-berthold-braun","tag-beweggruende","tag-buergerinitiative","tag-claudia-moll","tag-forderungen","tag-heinz-rinkens","tag-konstriktives-gespraech","tag-kontakt","tag-laermbelaestigung","tag-leo-gehlen","tag-marcel-cuvelier","tag-nicole-dickmeis","tag-offenes-ohr","tag-ratsmitglieder","tag-rene-maassen","tag-spd","tag-windkraft-mit-abstand"],"jetpack_publicize_connections":[],"jetpack_featured_media_url":"","jetpack_shortlink":"https:\/\/wp.me\/p65ifD-1k","jetpack_sharing_enabled":true,"_links":{"self":[{"href":"https:\/\/www.fronhoven.de\/index.php?rest_route=\/wp\/v2\/posts\/82","targetHints":{"allow":["GET"]}}],"collection":[{"href":"https:\/\/www.fronhoven.de\/index.php?rest_route=\/wp\/v2\/posts"}],"about":[{"href":"https:\/\/www.fronhoven.de\/index.php?rest_route=\/wp\/v2\/types\/post"}],"author":[{"embeddable":true,"href":"https:\/\/www.fronhoven.de\/index.php?rest_route=\/wp\/v2\/users\/1"}],"replies":[{"embeddable":true,"href":"https:\/\/www.fronhoven.de\/index.php?rest_route=%2Fwp%2Fv2%2Fcomments&post=82"}],"version-history":[{"count":6,"href":"https:\/\/www.fronhoven.de\/index.php?rest_route=\/wp\/v2\/posts\/82\/revisions"}],"predecessor-version":[{"id":104,"href":"https:\/\/www.fronhoven.de\/index.php?rest_route=\/wp\/v2\/posts\/82\/revisions\/104"}],"wp:attachment":[{"href":"https:\/\/www.fronhoven.de\/index.php?rest_route=%2Fwp%2Fv2%2Fmedia&parent=82"}],"wp:term":[{"taxonomy":"category","embeddable":true,"href":"https:\/\/www.fronhoven.de\/index.php?rest_route=%2Fwp%2Fv2%2Fcategories&post=82"},{"taxonomy":"post_tag","embeddable":true,"href":"https:\/\/www.fronhoven.de\/index.php?rest_route=%2Fwp%2Fv2%2Ftags&post=82"}],"curies":[{"name":"wp","href":"https:\/\/api.w.org\/{rel}","templated":true}]}}