{"id":90,"date":"2015-04-13T12:28:42","date_gmt":"2015-04-13T10:28:42","guid":{"rendered":"http:\/\/www.fronhoven.de\/?p=90"},"modified":"2015-04-14T12:28:57","modified_gmt":"2015-04-14T10:28:57","slug":"eschweiler-zeitung-artikel-windkraft-ja-aber-in-angemessenem-abstand","status":"publish","type":"post","link":"https:\/\/www.fronhoven.de\/?p=90","title":{"rendered":"Eschweiler Zeitung &#8211; Artikel &#8222;Windkraft? Ja! Aber in angemessenem Abstand!&#8220;"},"content":{"rendered":"<p>Am 02.04.2015 erschien <a title=\"Eschweiler\/Aachener Zeitung - Artikel &quot;Windkraft? Ja! Aber in angemessenem Abstand!&quot;\" href=\"http:\/\/www.aachener-zeitung.de\/lokales\/eschweiler\/windkraft-ja-aber-in-angemessenem-abstand-1.1061094\" target=\"_blank\">folgender Artikel von Tobias R\u00f6ber (Aachener Zeitung)<\/a> in der Eschweiler Zeitung:<\/p>\n<p><a href=\"https:\/\/i0.wp.com\/www.fronhoven.de\/wp-content\/uploads\/2015\/04\/Windkraft-Zeitungsartikel.png?ssl=1\"><img data-recalc-dims=\"1\" loading=\"lazy\" decoding=\"async\" data-attachment-id=\"55\" data-permalink=\"https:\/\/www.fronhoven.de\/?attachment_id=55\" data-orig-file=\"https:\/\/i0.wp.com\/www.fronhoven.de\/wp-content\/uploads\/2015\/04\/Windkraft-Zeitungsartikel.png?fit=960%2C916&amp;ssl=1\" data-orig-size=\"960,916\" data-comments-opened=\"1\" data-image-meta=\"{&quot;aperture&quot;:&quot;0&quot;,&quot;credit&quot;:&quot;&quot;,&quot;camera&quot;:&quot;&quot;,&quot;caption&quot;:&quot;&quot;,&quot;created_timestamp&quot;:&quot;0&quot;,&quot;copyright&quot;:&quot;&quot;,&quot;focal_length&quot;:&quot;0&quot;,&quot;iso&quot;:&quot;0&quot;,&quot;shutter_speed&quot;:&quot;0&quot;,&quot;title&quot;:&quot;&quot;,&quot;orientation&quot;:&quot;0&quot;}\" data-image-title=\"Windkraft Zeitungsartikel\" data-image-description=\"\" data-image-caption=\"\" data-large-file=\"https:\/\/i0.wp.com\/www.fronhoven.de\/wp-content\/uploads\/2015\/04\/Windkraft-Zeitungsartikel.png?fit=960%2C916&amp;ssl=1\" class=\"alignright size-full wp-image-55\" src=\"https:\/\/i0.wp.com\/www.fronhoven.de\/wp-content\/uploads\/2015\/04\/Windkraft-Zeitungsartikel.png?resize=960%2C916&#038;ssl=1\" alt=\"Windkraft Zeitungsartikel\" width=\"960\" height=\"916\" srcset=\"https:\/\/i0.wp.com\/www.fronhoven.de\/wp-content\/uploads\/2015\/04\/Windkraft-Zeitungsartikel.png?w=960&amp;ssl=1 960w, https:\/\/i0.wp.com\/www.fronhoven.de\/wp-content\/uploads\/2015\/04\/Windkraft-Zeitungsartikel.png?resize=300%2C286&amp;ssl=1 300w, https:\/\/i0.wp.com\/www.fronhoven.de\/wp-content\/uploads\/2015\/04\/Windkraft-Zeitungsartikel.png?resize=624%2C595&amp;ssl=1 624w\" sizes=\"auto, (max-width: 960px) 100vw, 960px\" \/><\/a><\/p>\n<p>&nbsp;<\/p>\n<p>An dieser Stelle noch einmal recht herzlichen Dank an Herr R\u00f6ber, f\u00fcr die Genehmigung diesen Artikel hier publizieren zu d\u00fcrfen!<\/p>\n","protected":false},"excerpt":{"rendered":"<p>Am 02.04.2015 erschien folgender Artikel von Tobias R\u00f6ber (Aachener Zeitung) in der Eschweiler Zeitung: &nbsp; An dieser Stelle noch einmal recht herzlichen Dank an Herr R\u00f6ber, f\u00fcr die Genehmigung diesen Artikel hier publizieren zu d\u00fcrfen!<\/p>\n","protected":false},"author":1,"featured_media":0,"comment_status":"open","ping_status":"closed","sticky":false,"template":"","format":"standard","meta":{"jetpack_post_was_ever_published":false,"_jetpack_newsletter_access":"","_jetpack_dont_email_post_to_subs":false,"_jetpack_newsletter_tier_id":0,"_jetpack_memberships_contains_paywalled_content":false,"_jetpack_memberships_contains_paid_content":false,"footnotes":"","jetpack_publicize_message":"","jetpack_publicize_feature_enabled":true,"jetpack_social_post_already_shared":false,"jetpack_social_options":{"image_generator_settings":{"template":"highway","default_image_id":0,"font":"","enabled":false},"version":2}},"categories":[2],"tags":[84,74,12,83,11,13,82,3],"class_list":["post-90","post","type-post","status-publish","format-standard","hentry","category-buergerinitiative-windkraft-mit-abstand","tag-aachener-nzeitung","tag-abstand","tag-berthold-braun","tag-eschweiler-zeitung","tag-heinz-rinkens","tag-marcel-cuvelier","tag-tobias-roeber","tag-windkraft"],"jetpack_publicize_connections":[],"jetpack_featured_media_url":"","jetpack_shortlink":"https:\/\/wp.me\/p65ifD-1s","jetpack_sharing_enabled":true,"_links":{"self":[{"href":"https:\/\/www.fronhoven.de\/index.php?rest_route=\/wp\/v2\/posts\/90","targetHints":{"allow":["GET"]}}],"collection":[{"href":"https:\/\/www.fronhoven.de\/index.php?rest_route=\/wp\/v2\/posts"}],"about":[{"href":"https:\/\/www.fronhoven.de\/index.php?rest_route=\/wp\/v2\/types\/post"}],"author":[{"embeddable":true,"href":"https:\/\/www.fronhoven.de\/index.php?rest_route=\/wp\/v2\/users\/1"}],"replies":[{"embeddable":true,"href":"https:\/\/www.fronhoven.de\/index.php?rest_route=%2Fwp%2Fv2%2Fcomments&post=90"}],"version-history":[{"count":1,"href":"https:\/\/www.fronhoven.de\/index.php?rest_route=\/wp\/v2\/posts\/90\/revisions"}],"predecessor-version":[{"id":91,"href":"https:\/\/www.fronhoven.de\/index.php?rest_route=\/wp\/v2\/posts\/90\/revisions\/91"}],"wp:attachment":[{"href":"https:\/\/www.fronhoven.de\/index.php?rest_route=%2Fwp%2Fv2%2Fmedia&parent=90"}],"wp:term":[{"taxonomy":"category","embeddable":true,"href":"https:\/\/www.fronhoven.de\/index.php?rest_route=%2Fwp%2Fv2%2Fcategories&post=90"},{"taxonomy":"post_tag","embeddable":true,"href":"https:\/\/www.fronhoven.de\/index.php?rest_route=%2Fwp%2Fv2%2Ftags&post=90"}],"curies":[{"name":"wp","href":"https:\/\/api.w.org\/{rel}","templated":true}]}}