{"id":93,"date":"2015-04-13T13:58:07","date_gmt":"2015-04-13T11:58:07","guid":{"rendered":"http:\/\/www.fronhoven.de\/?p=93"},"modified":"2015-04-14T16:20:54","modified_gmt":"2015-04-14T14:20:54","slug":"verstaendnis-fuer-buergerwillen","status":"publish","type":"post","link":"https:\/\/www.fronhoven.de\/?p=93","title":{"rendered":"Verst\u00e4ndnis f\u00fcr B\u00fcrgerwillen"},"content":{"rendered":"<p>Eine Reaktion vom CDU Landtagsabgeordneten Axel Wirtz zu den Windkraftplanungen nahe Fronhoven:<\/p>\n<blockquote><p>Nicht zu \u00fcbersehen sind die Belastungen durch die L 238 n, die sehr nahe am Ortskern vorbeif\u00fchrt und seit dem Bau der Tagebau-Randstra\u00dfe in Richtung Autobahnanschluss J\u00fclich-West noch viel st\u00e4rker befahren wird. Auf der anderen Seite des Ortes lebt man mit dem Kraftwerk und neuerlich auch mit einer Deponie in dieser Himmelsrichtung.<\/p>\n<p>Deshalb meine ich, dass die Forderungen der Anwohner, die Windkraftanlagen sollten einen Abstand von 2000 Metern haben, berechtigt sind.<\/p><\/blockquote>\n<p>Hier finden Sie den gesamten Artikel bzw. die vollst\u00e4ndige Reaktion, die auch in der Zeitung erschienen ist: <a title=\"Verst\u00e4ndnis f\u00fcr B\u00fcrgerwillen - Der vollst\u00e4ndige Artikel\" href=\"http:\/\/www.axel-wirtz.de\/563-windkraft-verstaendnis-fuer-buergerwillen\" target=\"_blank\">http:\/\/www.axel-wirtz.de<\/a><\/p>\n","protected":false},"excerpt":{"rendered":"<p>Eine Reaktion vom CDU Landtagsabgeordneten Axel Wirtz zu den Windkraftplanungen nahe Fronhoven: Nicht zu \u00fcbersehen sind die Belastungen durch die L 238 n, die sehr nahe am Ortskern vorbeif\u00fchrt und seit dem Bau der Tagebau-Randstra\u00dfe in Richtung Autobahnanschluss J\u00fclich-West noch viel st\u00e4rker befahren wird. Auf der anderen Seite des Ortes lebt man mit dem Kraftwerk [&hellip;]<\/p>\n","protected":false},"author":1,"featured_media":0,"comment_status":"open","ping_status":"closed","sticky":false,"template":"","format":"standard","meta":{"jetpack_post_was_ever_published":false,"_jetpack_newsletter_access":"","_jetpack_dont_email_post_to_subs":false,"_jetpack_newsletter_tier_id":0,"_jetpack_memberships_contains_paywalled_content":false,"_jetpack_memberships_contains_paid_content":false,"footnotes":"","jetpack_publicize_message":"","jetpack_publicize_feature_enabled":true,"jetpack_social_post_already_shared":false,"jetpack_social_options":{"image_generator_settings":{"template":"highway","default_image_id":0,"font":"","enabled":false},"version":2}},"categories":[1],"tags":[97,74,98,93,88,91,86,87,96,99,94,95,89,100,90,92,85,5],"class_list":["post-93","post","type-post","status-publish","format-standard","hentry","category-allgemein","tag-2000-mete","tag-abstand","tag-anwohner","tag-autobahnanschluss","tag-axel-wirtz","tag-bau","tag-buergerwillen","tag-cdu","tag-deponie","tag-forderungen","tag-juelich-west","tag-kraftwerk","tag-l-238-n","tag-landtagsabgeordnerter","tag-ortskern","tag-tagebau-randstrasse","tag-verstaendnis","tag-windkraftanlagen"],"jetpack_publicize_connections":[],"jetpack_featured_media_url":"","jetpack_shortlink":"https:\/\/wp.me\/p65ifD-1v","jetpack_sharing_enabled":true,"_links":{"self":[{"href":"https:\/\/www.fronhoven.de\/index.php?rest_route=\/wp\/v2\/posts\/93","targetHints":{"allow":["GET"]}}],"collection":[{"href":"https:\/\/www.fronhoven.de\/index.php?rest_route=\/wp\/v2\/posts"}],"about":[{"href":"https:\/\/www.fronhoven.de\/index.php?rest_route=\/wp\/v2\/types\/post"}],"author":[{"embeddable":true,"href":"https:\/\/www.fronhoven.de\/index.php?rest_route=\/wp\/v2\/users\/1"}],"replies":[{"embeddable":true,"href":"https:\/\/www.fronhoven.de\/index.php?rest_route=%2Fwp%2Fv2%2Fcomments&post=93"}],"version-history":[{"count":4,"href":"https:\/\/www.fronhoven.de\/index.php?rest_route=\/wp\/v2\/posts\/93\/revisions"}],"predecessor-version":[{"id":99,"href":"https:\/\/www.fronhoven.de\/index.php?rest_route=\/wp\/v2\/posts\/93\/revisions\/99"}],"wp:attachment":[{"href":"https:\/\/www.fronhoven.de\/index.php?rest_route=%2Fwp%2Fv2%2Fmedia&parent=93"}],"wp:term":[{"taxonomy":"category","embeddable":true,"href":"https:\/\/www.fronhoven.de\/index.php?rest_route=%2Fwp%2Fv2%2Fcategories&post=93"},{"taxonomy":"post_tag","embeddable":true,"href":"https:\/\/www.fronhoven.de\/index.php?rest_route=%2Fwp%2Fv2%2Ftags&post=93"}],"curies":[{"name":"wp","href":"https:\/\/api.w.org\/{rel}","templated":true}]}}